{"id":21025,"date":"2024-12-26T09:29:00","date_gmt":"2024-12-26T12:29:00","guid":{"rendered":"https:\/\/diariorepublica.com.ar\/web\/?p=21025"},"modified":"2024-12-26T10:31:07","modified_gmt":"2024-12-26T13:31:07","slug":"gendarme-secuestrado-en-venezuela-patricia-bullrich-denuncio-al-exembajador-oscar-laborde-por-traicion-a-la-patria","status":"publish","type":"post","link":"https:\/\/diariorepublica.com.ar\/web\/index.php\/nacionales\/2024\/12\/26\/gendarme-secuestrado-en-venezuela-patricia-bullrich-denuncio-al-exembajador-oscar-laborde-por-traicion-a-la-patria\/","title":{"rendered":"Gendarme secuestrado en Venezuela: Patricia Bullrich denunci\u00f3 al exembajador Oscar Laborde por traici\u00f3n a la patria"},"content":{"rendered":"<p>El Ministerio de Seguridad que comanda Patricia Bullrich denunci\u00f3 a Oscar Laborde, exembajador argentino en Caracas, por presunta \u00abtraici\u00f3n a la patria\u00bb. Seg\u00fan se indica, esto se debe a que el exfuncionario habr\u00eda iniciado negociaciones por Nahuel Gallo, gendarme secuestrado en Venezuela, sin autorizaci\u00f3n previa del Gobierno.<\/p>\n<p>El organismo tambi\u00e9n acusa a Laborde de \u00abser un colaborador de Nicol\u00e1s Maduro\u00bb y de realizar acciones que van en contra de gestiones diplom\u00e1ticas para lograr liberaci\u00f3n del gendarme que permanece retenido desde hace m\u00e1s de dos semanas.<\/p>\n<p>Las autoridades afirmaron que las conversaciones formales para pedir por la liberaci\u00f3n del argentino se est\u00e1n realizando desde Casa Rosada, y no puede ejecutarse intercambio alguno sin autorizaci\u00f3n de la misma. El documento firmado por Fernando Soto, el representante legal del ministerio.<\/p>\n<p>La denuncia del Ministerio de Seguridad contra Oscar Laborde<br \/>\nEn la denuncia, se comienza explicitando la postura del gobierno de Javier Milei respecto al caso del gendarme, donde se resalta que Gallo se encontraba de vacaciones en el lugar para visitar a su familia, y fue detenido por el r\u00e9gimen de Maduro.<\/p>\n<p>As\u00ed, la denuncia esgrime: \u201cMientras la Canciller\u00eda intenta lograr la liberaci\u00f3n del gendarme Nahuel Agust\u00edn Gallo por v\u00eda diplom\u00e1tica, a trav\u00e9s de las misiones internacionales pertinentes, el exembajador de la Rep\u00fablica Argentina ante la Rep\u00fablica Bolivariana de Venezuela Oscar Alberto Laborde -designado por el entonces presidente Alberto Fern\u00e1ndez-, inici\u00f3 sin ning\u00fan tipo de autorizaci\u00f3n oficial gestiones internacionales, contactando a la familia del gendarme en la Argentina, a fin de entregarle \u2018una carta\u2019 a Gallo, con la colaboraci\u00f3n del gobierno de Venezuela\u201d.<\/p>\n<p class=\"\">All\u00ed mismo, citaron publicaciones en la prensa donde se da cuenta del presunto involucramiento del exembajador en el tema, afirmando el\u00a0<strong>entorpecimiento del intercambio<\/strong>.<\/p>\n<p class=\"\"><strong>\u201cEl denunciado se encarg\u00f3 de presentar como irregular el ingreso del gendarme<\/strong>, ya que no habr\u00eda reunido los requisitos legales para ingresar a ese pa\u00eds\u201d, se\u00f1alaron tambi\u00e9n sobre el accionar de Laborde.<\/p>\n<p class=\"\">Esto se aleja de la postura del Gobierno, ya que<strong>\u00a0present\u00f3 documentaci\u00f3n ante la justicia\u00a0<\/strong>demostrando que el gendarme argentino ingres\u00f3 autorizado al pa\u00eds de Maduro, con el fin de visitar a\u00a0<strong>Mar\u00eda Alexandra G\u00f3mez Garc\u00eda<\/strong>, oriunda de Venezuela.<\/p>\n<p class=\"\">Asimismo, en la denuncia se indica que Laborde \u00ab<strong>tuvo un obrar que no respondi\u00f3 a una cuesti\u00f3n humanitaria<\/strong>, pese a que pretende instalarlo as\u00ed en los medios\u00bb.<\/p>\n<p class=\"\">\u201cMuy por el contrario,<strong>\u00a0lejos de defender los derechos humanos<\/strong>\u00a0del gendarme desaparecido, lo que hace es<strong>\u00a0superponerse indebidamente a la gesti\u00f3n diplom\u00e1tica internacional de la Rep\u00fablica Argentina<\/strong>, a fin de\u00a0<strong>justificar la abiertamente criminal conducta de las autoridades venezolanas<\/strong>, bajo el pueril pretexto de un supuesto \u2018ingreso irregular\u2019 que abonar\u00eda la inventada sospecha de \u2018espionaje\u2019, adem\u00e1s de avalar las condiciones de detenci\u00f3n, de desaparici\u00f3n,\u00a0<strong>generando un supuesto conocimiento sin haber indicado las m\u00e1s m\u00ednimas pautas legales de su detenci\u00f3n<\/strong>, avalando de ese modo el crimen de desaparici\u00f3n forzada\u201d, plantearon.<\/p>\n<p class=\"\">Luego aseveran que\u00a0<strong>el exembajador \u201cactu\u00f3 en contra de los intereses del pa\u00eds,\u00a0<\/strong>para sostener la justificaci\u00f3n de la desaparici\u00f3n forzada de un argentino, arrog\u00e1ndose facultades diplom\u00e1ticas que solo pueden ejercer los representantes de la Canciller\u00eda\u201d. Por eso mismo, en el documento se\u00f1alaron\u00a0<strong>a Laborde como un \u201ccolaborador del r\u00e9gimen de Maduro\u201d.<\/strong><\/p>\n<p>ambito.com<\/p>\n","protected":false},"excerpt":{"rendered":"<p>El Ministerio de Seguridad que comanda Patricia Bullrich denunci\u00f3 a Oscar Laborde, exembajador argentino en Caracas, por presunta \u00abtraici\u00f3n a<\/p>\n","protected":false},"author":1,"featured_media":21026,"comment_status":"closed","ping_status":"closed","sticky":false,"template":"","format":"standard","meta":{"footnotes":"","jetpack_publicize_message":"","jetpack_publicize_feature_enabled":true,"jetpack_social_post_already_shared":true,"jetpack_social_options":{"image_generator_settings":{"template":"highway","enabled":false},"version":2}},"categories":[4],"tags":[],"class_list":["post-21025","post","type-post","status-publish","format-standard","has-post-thumbnail","hentry","category-nacionales"],"jetpack_publicize_connections":[],"_links":{"self":[{"href":"https:\/\/diariorepublica.com.ar\/web\/index.php\/wp-json\/wp\/v2\/posts\/21025"}],"collection":[{"href":"https:\/\/diariorepublica.com.ar\/web\/index.php\/wp-json\/wp\/v2\/posts"}],"about":[{"href":"https:\/\/diariorepublica.com.ar\/web\/index.php\/wp-json\/wp\/v2\/types\/post"}],"author":[{"embeddable":true,"href":"https:\/\/diariorepublica.com.ar\/web\/index.php\/wp-json\/wp\/v2\/users\/1"}],"replies":[{"embeddable":true,"href":"https:\/\/diariorepublica.com.ar\/web\/index.php\/wp-json\/wp\/v2\/comments?post=21025"}],"version-history":[{"count":1,"href":"https:\/\/diariorepublica.com.ar\/web\/index.php\/wp-json\/wp\/v2\/posts\/21025\/revisions"}],"predecessor-version":[{"id":21027,"href":"https:\/\/diariorepublica.com.ar\/web\/index.php\/wp-json\/wp\/v2\/posts\/21025\/revisions\/21027"}],"wp:featuredmedia":[{"embeddable":true,"href":"https:\/\/diariorepublica.com.ar\/web\/index.php\/wp-json\/wp\/v2\/media\/21026"}],"wp:attachment":[{"href":"https:\/\/diariorepublica.com.ar\/web\/index.php\/wp-json\/wp\/v2\/media?parent=21025"}],"wp:term":[{"taxonomy":"category","embeddable":true,"href":"https:\/\/diariorepublica.com.ar\/web\/index.php\/wp-json\/wp\/v2\/categories?post=21025"},{"taxonomy":"post_tag","embeddable":true,"href":"https:\/\/diariorepublica.com.ar\/web\/index.php\/wp-json\/wp\/v2\/tags?post=21025"}],"curies":[{"name":"wp","href":"https:\/\/api.w.org\/{rel}","templated":true}]}}