{"id":21055,"date":"2024-12-29T10:11:00","date_gmt":"2024-12-29T13:11:00","guid":{"rendered":"https:\/\/diariorepublica.com.ar\/web\/?p=21055"},"modified":"2024-12-30T07:12:58","modified_gmt":"2024-12-30T10:12:58","slug":"adultos-mayores-de-la-capital-cerraron-el-ano-en-la-merced","status":"publish","type":"post","link":"https:\/\/diariorepublica.com.ar\/web\/index.php\/sociedad\/2024\/12\/29\/adultos-mayores-de-la-capital-cerraron-el-ano-en-la-merced\/","title":{"rendered":"Adultos Mayores de la Capital cerraron el a\u00f1o en La Merced"},"content":{"rendered":"<p>El Consejo de Adultos Mayores de la Capital llev\u00f3 a cabo un evento especial para cerrar el a\u00f1o, que tuvo lugar en La Merced, Departamento Pacl\u00edn. La jornada reuni\u00f3 a m\u00e1s de 70 participantes, quienes disfrutaron de una serie de actividades recreativas dise\u00f1adas para promover la salud y el bienestar de los presentes, as\u00ed como el encuentro y la fraternidad.<\/p>\n<p>La celebraci\u00f3n comenz\u00f3 con una din\u00e1mica sesi\u00f3n de Zumba, que permiti\u00f3 a los participantes comenzar el d\u00eda con energ\u00eda y entusiasmo. Esta actividad no solo fomenta el ejercicio f\u00edsico, sino que tambi\u00e9n contribuye a mejorar el estado de \u00e1nimo y la socializaci\u00f3n entre los asistentes.<\/p>\n<p>Posteriormente, los adultos mayores disfrutaron de gimnasia en la pileta, una opci\u00f3n ideal para mantener la movilidad y fortalecer los m\u00fasculos sin impacto en las articulaciones. Esta actividad acu\u00e1tica estuvo acompa\u00f1ada de tiempo libre para relajarse en el agua, favoreciendo as\u00ed un espacio propicio para el descanso y la desconexi\u00f3n.<\/p>\n<p>Una de las actividades m\u00e1s destacadas fue la caminata hacia la hist\u00f3rica Casona de La Merced. Este recorrido no solo brind\u00f3 la oportunidad de ejercitarse al aire libre, sino que tambi\u00e9n permiti\u00f3 a los participantes conectarse con la naturaleza y apreciar el patrimonio cultural de la regi\u00f3n. La caminata fue una ocasi\u00f3n perfecta para compartir an\u00e9cdotas y fortalecer los lazos entre los miembros del grupo.<\/p>\n<p>El Consejo Municipal de Adultos Mayores ofrece espacios donde se promueva un estilo de vida activo y saludable, as\u00ed como tambi\u00e9n la importancia de crear oportunidades para que los adultos mayores socialicen y participen en actividades significativas. A trav\u00e9s de estas iniciativas, la Municipalidad de la Capital busca mejorar la calidad de vida y el bienestar emocional de nuestros adultos mayores.<\/p>\n\n\n<p><\/p>\n","protected":false},"excerpt":{"rendered":"<p>El Consejo de Adultos Mayores de la Capital llev\u00f3 a cabo un evento especial para cerrar el a\u00f1o, que tuvo<\/p>\n","protected":false},"author":1,"featured_media":21056,"comment_status":"closed","ping_status":"closed","sticky":false,"template":"","format":"standard","meta":{"footnotes":"","jetpack_publicize_message":"","jetpack_publicize_feature_enabled":true,"jetpack_social_post_already_shared":true,"jetpack_social_options":{"image_generator_settings":{"template":"highway","enabled":false},"version":2}},"categories":[3],"tags":[],"class_list":["post-21055","post","type-post","status-publish","format-standard","has-post-thumbnail","hentry","category-sociedad"],"jetpack_publicize_connections":[],"_links":{"self":[{"href":"https:\/\/diariorepublica.com.ar\/web\/index.php\/wp-json\/wp\/v2\/posts\/21055"}],"collection":[{"href":"https:\/\/diariorepublica.com.ar\/web\/index.php\/wp-json\/wp\/v2\/posts"}],"about":[{"href":"https:\/\/diariorepublica.com.ar\/web\/index.php\/wp-json\/wp\/v2\/types\/post"}],"author":[{"embeddable":true,"href":"https:\/\/diariorepublica.com.ar\/web\/index.php\/wp-json\/wp\/v2\/users\/1"}],"replies":[{"embeddable":true,"href":"https:\/\/diariorepublica.com.ar\/web\/index.php\/wp-json\/wp\/v2\/comments?post=21055"}],"version-history":[{"count":1,"href":"https:\/\/diariorepublica.com.ar\/web\/index.php\/wp-json\/wp\/v2\/posts\/21055\/revisions"}],"predecessor-version":[{"id":21057,"href":"https:\/\/diariorepublica.com.ar\/web\/index.php\/wp-json\/wp\/v2\/posts\/21055\/revisions\/21057"}],"wp:featuredmedia":[{"embeddable":true,"href":"https:\/\/diariorepublica.com.ar\/web\/index.php\/wp-json\/wp\/v2\/media\/21056"}],"wp:attachment":[{"href":"https:\/\/diariorepublica.com.ar\/web\/index.php\/wp-json\/wp\/v2\/media?parent=21055"}],"wp:term":[{"taxonomy":"category","embeddable":true,"href":"https:\/\/diariorepublica.com.ar\/web\/index.php\/wp-json\/wp\/v2\/categories?post=21055"},{"taxonomy":"post_tag","embeddable":true,"href":"https:\/\/diariorepublica.com.ar\/web\/index.php\/wp-json\/wp\/v2\/tags?post=21055"}],"curies":[{"name":"wp","href":"https:\/\/api.w.org\/{rel}","templated":true}]}}