{"id":21061,"date":"2024-12-29T00:05:00","date_gmt":"2024-12-29T03:05:00","guid":{"rendered":"https:\/\/diariorepublica.com.ar\/web\/?p=21061"},"modified":"2024-12-30T07:16:47","modified_gmt":"2024-12-30T10:16:47","slug":"fechas-de-acreditacion-de-haberes-para-la-administracion-publica","status":"publish","type":"post","link":"https:\/\/diariorepublica.com.ar\/web\/index.php\/sociedad\/2024\/12\/29\/fechas-de-acreditacion-de-haberes-para-la-administracion-publica\/","title":{"rendered":"Fechas de acreditaci\u00f3n de haberes para la Administraci\u00f3n P\u00fablica"},"content":{"rendered":"<p>El Ministerio de Econom\u00eda anunci\u00f3 las fechas de acreditaci\u00f3n de los haberes de diciembre correspondientes a docentes y empleados de la Administraci\u00f3n P\u00fablica Provincial.<\/p>\n<p>De acuerdo con lo dispuesto por el ministerio, el cronograma se cumplir\u00e1 de la siguiente manera:<\/p>\n<p>-Viernes 3 de enero: Docentes, todas las terminaciones de DNI.<\/p>\n<p>-S\u00e1bado 4 de enero: Empleados de organismos de la Administraci\u00f3n P\u00fablica Provincial.<\/p>\n","protected":false},"excerpt":{"rendered":"<p>El Ministerio de Econom\u00eda anunci\u00f3 las fechas de acreditaci\u00f3n de los haberes de diciembre correspondientes a docentes y empleados de<\/p>\n","protected":false},"author":1,"featured_media":21062,"comment_status":"closed","ping_status":"closed","sticky":false,"template":"","format":"standard","meta":{"footnotes":"","jetpack_publicize_message":"","jetpack_publicize_feature_enabled":true,"jetpack_social_post_already_shared":true,"jetpack_social_options":{"image_generator_settings":{"template":"highway","enabled":false},"version":2}},"categories":[3],"tags":[],"class_list":["post-21061","post","type-post","status-publish","format-standard","has-post-thumbnail","hentry","category-sociedad"],"jetpack_publicize_connections":[],"_links":{"self":[{"href":"https:\/\/diariorepublica.com.ar\/web\/index.php\/wp-json\/wp\/v2\/posts\/21061"}],"collection":[{"href":"https:\/\/diariorepublica.com.ar\/web\/index.php\/wp-json\/wp\/v2\/posts"}],"about":[{"href":"https:\/\/diariorepublica.com.ar\/web\/index.php\/wp-json\/wp\/v2\/types\/post"}],"author":[{"embeddable":true,"href":"https:\/\/diariorepublica.com.ar\/web\/index.php\/wp-json\/wp\/v2\/users\/1"}],"replies":[{"embeddable":true,"href":"https:\/\/diariorepublica.com.ar\/web\/index.php\/wp-json\/wp\/v2\/comments?post=21061"}],"version-history":[{"count":1,"href":"https:\/\/diariorepublica.com.ar\/web\/index.php\/wp-json\/wp\/v2\/posts\/21061\/revisions"}],"predecessor-version":[{"id":21063,"href":"https:\/\/diariorepublica.com.ar\/web\/index.php\/wp-json\/wp\/v2\/posts\/21061\/revisions\/21063"}],"wp:featuredmedia":[{"embeddable":true,"href":"https:\/\/diariorepublica.com.ar\/web\/index.php\/wp-json\/wp\/v2\/media\/21062"}],"wp:attachment":[{"href":"https:\/\/diariorepublica.com.ar\/web\/index.php\/wp-json\/wp\/v2\/media?parent=21061"}],"wp:term":[{"taxonomy":"category","embeddable":true,"href":"https:\/\/diariorepublica.com.ar\/web\/index.php\/wp-json\/wp\/v2\/categories?post=21061"},{"taxonomy":"post_tag","embeddable":true,"href":"https:\/\/diariorepublica.com.ar\/web\/index.php\/wp-json\/wp\/v2\/tags?post=21061"}],"curies":[{"name":"wp","href":"https:\/\/api.w.org\/{rel}","templated":true}]}}