{"id":21082,"date":"2024-12-30T17:05:00","date_gmt":"2024-12-30T20:05:00","guid":{"rendered":"https:\/\/diariorepublica.com.ar\/web\/?p=21082"},"modified":"2024-12-30T08:10:43","modified_gmt":"2024-12-30T11:10:43","slug":"calendario-de-la-seleccion-argentina-en-2025","status":"publish","type":"post","link":"https:\/\/diariorepublica.com.ar\/web\/index.php\/deportes\/2024\/12\/30\/calendario-de-la-seleccion-argentina-en-2025\/","title":{"rendered":"Calendario de la Selecci\u00f3n Argentina en 2025"},"content":{"rendered":"<p>Tras un per\u00edodo en el que la\u00a0Selecci\u00f3n Argentina\u00a0gan\u00f3 todo lo que jug\u00f3 (dos Copas Am\u00e9rica, una Finalissima y una Copa del Mundo), la Albiceleste se enfrenta a<strong>\u00a0nuevos desaf\u00edos en el 2025<\/strong>\u00a0en los que buscar\u00e1 revalidar lo bueno que viene haciendo desde hace varias temporadas.<\/p>\n<p>Adem\u00e1s de los\u00a0<strong>amistosos<\/strong>\u00a0que se realizan durante las fechas FIFA, que le permitir\u00e1n a<strong>\u00a0Lionel Scaloni<\/strong>\u00a0seguir probando futbolistas que tiene en el radar de cara a la lista definitiva para el Mundial que ser\u00e1 dentro de 18 meses, el combinado deber\u00e1 enfrentar las seis jornadas que le quedan de\u00a0<strong>Eliminatorias\u00a0<\/strong>para terminar de confirmar su presencia en la gran cita.<\/p>\n<p>Estos partidos tambi\u00e9n ser\u00e1n fundamentales para terminar de pulir el equipo ante otro gran desaf\u00edo que a\u00fan no est\u00e1 confirmado: la disputa de la Finalissima ante Espa\u00f1a, \u00faltimo ganador de la Eurocopa. As\u00ed como en 2022 el seleccionado venci\u00f3 a Italia en Wembley, es probable que se reedite este compromiso.<\/p>\n<p><strong>Marzo 2025<\/strong><\/p>\n<ul>\n<li>Uruguay vs. Argentina | Fecha 13 | 20 de marzo<\/li>\n<li>Argentina vs. Brasil | Fecha 14 | 25 de marzo<\/li>\n<\/ul>\n<p><strong>Junio 2025<\/strong><\/p>\n<ul>\n<li>Chile vs. Argentina | Fecha 15 | 4 de junio<\/li>\n<li>Argentina vs. Colombia | Fecha 16 | 9 de junio<\/li>\n<\/ul>\n<p><strong>Septiembre 2025<\/strong><\/p>\n<ul>\n<li>Argentina vs. Venezuela | Fecha 17 | 9 de septiembre<\/li>\n<li>Ecuador vs. Argentina | Fecha 18 | 14 de septiembre<\/li>\n<\/ul>\n<p><strong>Octubre 2025<\/strong><\/p>\n<ul>\n<li>Del 6 al 14 habr\u00e1 amistosos por Fecha FIFA (sin rival confirmado)<\/li>\n<\/ul>\n<p><strong>Noviembre 2025<\/strong><\/p>\n<ul>\n<li style=\"list-style-type: none;\">\n<ul>\n<li>Del 10 al 18 habr\u00e1 amistosos por Fecha FIFA (sin rival confirmado).<\/li>\n<\/ul>\n<\/li>\n<\/ul>\n","protected":false},"excerpt":{"rendered":"<p>Tras un per\u00edodo en el que la\u00a0Selecci\u00f3n Argentina\u00a0gan\u00f3 todo lo que jug\u00f3 (dos Copas Am\u00e9rica, una Finalissima y una Copa<\/p>\n","protected":false},"author":1,"featured_media":21083,"comment_status":"closed","ping_status":"closed","sticky":false,"template":"","format":"standard","meta":{"footnotes":"","jetpack_publicize_message":"","jetpack_publicize_feature_enabled":true,"jetpack_social_post_already_shared":true,"jetpack_social_options":{"image_generator_settings":{"template":"highway","enabled":false},"version":2}},"categories":[9],"tags":[],"class_list":["post-21082","post","type-post","status-publish","format-standard","has-post-thumbnail","hentry","category-deportes"],"jetpack_publicize_connections":[],"_links":{"self":[{"href":"https:\/\/diariorepublica.com.ar\/web\/index.php\/wp-json\/wp\/v2\/posts\/21082"}],"collection":[{"href":"https:\/\/diariorepublica.com.ar\/web\/index.php\/wp-json\/wp\/v2\/posts"}],"about":[{"href":"https:\/\/diariorepublica.com.ar\/web\/index.php\/wp-json\/wp\/v2\/types\/post"}],"author":[{"embeddable":true,"href":"https:\/\/diariorepublica.com.ar\/web\/index.php\/wp-json\/wp\/v2\/users\/1"}],"replies":[{"embeddable":true,"href":"https:\/\/diariorepublica.com.ar\/web\/index.php\/wp-json\/wp\/v2\/comments?post=21082"}],"version-history":[{"count":1,"href":"https:\/\/diariorepublica.com.ar\/web\/index.php\/wp-json\/wp\/v2\/posts\/21082\/revisions"}],"predecessor-version":[{"id":21084,"href":"https:\/\/diariorepublica.com.ar\/web\/index.php\/wp-json\/wp\/v2\/posts\/21082\/revisions\/21084"}],"wp:featuredmedia":[{"embeddable":true,"href":"https:\/\/diariorepublica.com.ar\/web\/index.php\/wp-json\/wp\/v2\/media\/21083"}],"wp:attachment":[{"href":"https:\/\/diariorepublica.com.ar\/web\/index.php\/wp-json\/wp\/v2\/media?parent=21082"}],"wp:term":[{"taxonomy":"category","embeddable":true,"href":"https:\/\/diariorepublica.com.ar\/web\/index.php\/wp-json\/wp\/v2\/categories?post=21082"},{"taxonomy":"post_tag","embeddable":true,"href":"https:\/\/diariorepublica.com.ar\/web\/index.php\/wp-json\/wp\/v2\/tags?post=21082"}],"curies":[{"name":"wp","href":"https:\/\/api.w.org\/{rel}","templated":true}]}}