{"id":21106,"date":"2024-12-31T00:12:00","date_gmt":"2024-12-31T03:12:00","guid":{"rendered":"https:\/\/diariorepublica.com.ar\/web\/?p=21106"},"modified":"2024-12-31T08:14:16","modified_gmt":"2024-12-31T11:14:16","slug":"despidieron-a-la-subsecretaria-de-turismo-por-irse-de-vacaciones-a-londres","status":"publish","type":"post","link":"https:\/\/diariorepublica.com.ar\/web\/index.php\/politica\/2024\/12\/31\/despidieron-a-la-subsecretaria-de-turismo-por-irse-de-vacaciones-a-londres\/","title":{"rendered":"Despidieron a la subsecretaria de Turismo por irse de vacaciones a Londres"},"content":{"rendered":"<article id=\"article-post\" class=\"first\">\n<div class=\"cuerpo\" data-twitter-link=\"https:\/\/twitter.com\/intent\/tweet?url=https:\/\/www.diariopopular.com.ar\/c822235&amp;via=poopulardiario&amp;related=Popular&amp;text=\">\n<p>La subsecretaria de\u00a0<strong>Turismo<\/strong>,\u00a0<strong>Yanina Mart\u00ednez,<\/strong>\u00a0fue\u00a0<strong>despedida\u00a0<\/strong>este lunes luego de que trascendiera que hab\u00eda viajado a Londres de vacaciones pese a que el presidente Javier Milei le hab\u00eda pedido austeridad a sus funcionarios.<\/p>\n<\/div>\n<\/article>\n<article id=\"article-post\">\n<div class=\"cuerpo\" data-twitter-link=\"https:\/\/twitter.com\/intent\/tweet?url=https:\/\/www.diariopopular.com.ar\/c822235&amp;via=poopulardiario&amp;related=Popular&amp;text=\">\n<p>La funcionaria, sobreviviente de la gesti\u00f3n de<strong>\u00a0Alberto Fern\u00e1ndez<\/strong>, hab\u00eda cursado la solicitud de vacaciones la semana pasada, pero<strong>\u00a0sin haberlo notificado a sus superiores.<\/strong><\/p>\n<p>El Secretario de Turuismo, Deportes y Ambiente, Daniel Scioli, tom\u00f3 conocimiento del viaje cuando Mart\u00ednez ya estaba en Londres, Reino Unido (viaj\u00f3 el viernes pasado), algo que cay\u00f3 muy mal.<\/p>\n<p>La ahora ex subsecretaria de Turismo, abogada de profesi\u00f3n, era resistida al interior de<strong>\u00a0La Libertad Avanza<\/strong>\u00a0por haber sido integrante del Frente de Todos que gobern\u00f3 el pa\u00eds hasta hace un a\u00f1o atr\u00e1s, gobierno al que apoy\u00f3 hasta el \u00faltimo d\u00eda.<\/p>\n<p>El presidente\u00a0<strong>Javier Milei,\u00a0<\/strong>que permanecer\u00e1 el verano en Buenos Aires a cargo de la gesti\u00f3n, hab\u00eda bajado la l\u00ednea de no vacacionar en el exterior, aunque algunos funcionarios desoyeron la orden, como la ministra de Seguridad,\u00a0<strong>Patricia Bullrich<\/strong>, que viajar\u00e1 a Disney, en la Florida, junto a sus nietos.<\/p>\n<p>Pese a que la sugerencia del presidente era clara, el vocero de la Casa Rosada,<strong>\u00a0Manuel Adorni,\u00a0<\/strong>justific\u00f3 la decisi\u00f3n de algunos funcionarios de irse de viaje al extranjero durante sus vacaciones.<\/p>\n<p>\u201dEl Presidente no impidi\u00f3 que viajemos al exterior, no recomienda a donde irnos, nos pidi\u00f3 l\u00f3gica austeridad y razonabilidad, ya sea los que se queden, los que vayan a pa\u00edses lim\u00edtrofes o a los que vayan al Congo. Quiz\u00e1s algunos no revisten de car\u00e1cter austero, pero no hubo ninguna prohibici\u00f3n. Algunos se van a ir al exterior\u201d, indic\u00f3.<\/p>\n<p>En este sentido, Adorni consider\u00f3 que el esp\u00edritu del Gobierno es que los funcionarios sean coherentes con \u201cc\u00f3mo ven\u00eda uno viviendo su din\u00e1mica familiar, la vida anterior\u201c, pero aclar\u00f3 que el mandatario nacional \u201djam\u00e1s prohibir\u00eda un destino en particular porque no es su filosof\u00eda\u201d.<\/p>\n<\/div>\n<\/article>\n","protected":false},"excerpt":{"rendered":"<p>La subsecretaria de\u00a0Turismo,\u00a0Yanina Mart\u00ednez,\u00a0fue\u00a0despedida\u00a0este lunes luego de que trascendiera que hab\u00eda viajado a Londres de vacaciones pese a que el<\/p>\n","protected":false},"author":1,"featured_media":21107,"comment_status":"closed","ping_status":"closed","sticky":false,"template":"","format":"standard","meta":{"footnotes":"","jetpack_publicize_message":"","jetpack_publicize_feature_enabled":true,"jetpack_social_post_already_shared":true,"jetpack_social_options":{"image_generator_settings":{"template":"highway","enabled":false},"version":2}},"categories":[12],"tags":[],"class_list":["post-21106","post","type-post","status-publish","format-standard","has-post-thumbnail","hentry","category-politica"],"jetpack_publicize_connections":[],"_links":{"self":[{"href":"https:\/\/diariorepublica.com.ar\/web\/index.php\/wp-json\/wp\/v2\/posts\/21106"}],"collection":[{"href":"https:\/\/diariorepublica.com.ar\/web\/index.php\/wp-json\/wp\/v2\/posts"}],"about":[{"href":"https:\/\/diariorepublica.com.ar\/web\/index.php\/wp-json\/wp\/v2\/types\/post"}],"author":[{"embeddable":true,"href":"https:\/\/diariorepublica.com.ar\/web\/index.php\/wp-json\/wp\/v2\/users\/1"}],"replies":[{"embeddable":true,"href":"https:\/\/diariorepublica.com.ar\/web\/index.php\/wp-json\/wp\/v2\/comments?post=21106"}],"version-history":[{"count":1,"href":"https:\/\/diariorepublica.com.ar\/web\/index.php\/wp-json\/wp\/v2\/posts\/21106\/revisions"}],"predecessor-version":[{"id":21108,"href":"https:\/\/diariorepublica.com.ar\/web\/index.php\/wp-json\/wp\/v2\/posts\/21106\/revisions\/21108"}],"wp:featuredmedia":[{"embeddable":true,"href":"https:\/\/diariorepublica.com.ar\/web\/index.php\/wp-json\/wp\/v2\/media\/21107"}],"wp:attachment":[{"href":"https:\/\/diariorepublica.com.ar\/web\/index.php\/wp-json\/wp\/v2\/media?parent=21106"}],"wp:term":[{"taxonomy":"category","embeddable":true,"href":"https:\/\/diariorepublica.com.ar\/web\/index.php\/wp-json\/wp\/v2\/categories?post=21106"},{"taxonomy":"post_tag","embeddable":true,"href":"https:\/\/diariorepublica.com.ar\/web\/index.php\/wp-json\/wp\/v2\/tags?post=21106"}],"curies":[{"name":"wp","href":"https:\/\/api.w.org\/{rel}","templated":true}]}}