{"id":21185,"date":"2025-01-06T12:02:35","date_gmt":"2025-01-06T15:02:35","guid":{"rendered":"https:\/\/diariorepublica.com.ar\/web\/?p=21185"},"modified":"2025-01-06T12:02:37","modified_gmt":"2025-01-06T15:02:37","slug":"fallecio-el-diacono-permanente-horacio-alejandro-machado","status":"publish","type":"post","link":"https:\/\/diariorepublica.com.ar\/web\/index.php\/sociedad\/2025\/01\/06\/fallecio-el-diacono-permanente-horacio-alejandro-machado\/","title":{"rendered":"Falleci\u00f3 el di\u00e1cono permanente Horacio Alejandro Machado"},"content":{"rendered":"<p>Este lunes parti\u00f3 a la Casa del Padre, el di\u00e1cono permanente Horacio Alejandro V\u00edctor Machado Uz\u00edn, llamado cari\u00f1osamente \u00abLacho\u00bb. Sus restos son velados en la Sala B ubicada en avenida Belgrano y pasaje Madue\u00f1o de la ciudad capital, y el sepelio de sus restos mortales ser\u00e1 a las 17.00 en el cementerio parque Valle de Paz.<\/p>\n<p>Machado ten\u00eda 76 a\u00f1os de edad, habiendo nacido el 26 de marzo de 1948 en Chumbicha, departamento Capay\u00e1n; y 25 a\u00f1os de ordenaci\u00f3n diaconal, habiendo sido ordenado el 9 de marzo de 1999. Form\u00f3 parte de la Escuela de Ministerios Laicales de la Di\u00f3cesis de Catamarca, donde recibi\u00f3 los ministerios del Lectorado y el Acolitado y luego el Diaconado Permanente, que puede ser conferido a los laicos casados.<\/p>\n<p>Contrajo matrimonio con Rosa del Valle Ar\u00e1oz, era padre de siete hijos y abuelo de varios nietos.<\/p>\n<p>En el ejercicio de su ministerio diaconal estaba abocado a la Celebraci\u00f3n de la Palabra, la administraci\u00f3n del Sacramento del Bautismo, las bendiciones, el rezo de responsos y el acompa\u00f1amiento a los familiares y amigos de personas fallecidas. Lo hac\u00eda con compromiso y vocaci\u00f3n de servicio.<\/p>\n<p>Era maestro normal y nacional, y se desempe\u00f1\u00f3 en el Instituto de Cultura Popular (Incupo).<\/p>\n<p><strong>Condolencias del Obispo y el Clero<\/strong><\/p>\n<p>\u201cFelices los que mueren en el Se\u00f1or porque sus obras los acompa\u00f1an\u201d, Apoc. 14, 13.<\/p>\n<p>El obispo diocesano, Mons. Luis Urbanc, y el Clero de Catamarca expresan sus condolencias por la partida a la Casa del Padre del di\u00e1cono permanente Horacio Machado.<\/p>\n<p>Agradecen su servicio pastoral a la Di\u00f3cesis de Catamarca por m\u00e1s de dos d\u00e9cadas a trav\u00e9s del ministerio del Diaconado Permanente; elevan plegarias por el eterno descanso de su alma y acompa\u00f1an con la oraci\u00f3n a su familia y amigos en este momento de dolor, con la esperanza puesta en Jes\u00fas Resucitado y el amor de Nuestra Madre del Valle.<\/p>\n","protected":false},"excerpt":{"rendered":"<p>Este lunes parti\u00f3 a la Casa del Padre, el di\u00e1cono permanente Horacio Alejandro V\u00edctor Machado Uz\u00edn, llamado cari\u00f1osamente \u00abLacho\u00bb. Sus<\/p>\n","protected":false},"author":1,"featured_media":21186,"comment_status":"closed","ping_status":"closed","sticky":false,"template":"","format":"standard","meta":{"footnotes":"","jetpack_publicize_message":"","jetpack_publicize_feature_enabled":true,"jetpack_social_post_already_shared":true,"jetpack_social_options":{"image_generator_settings":{"template":"highway","enabled":false},"version":2}},"categories":[3],"tags":[],"class_list":["post-21185","post","type-post","status-publish","format-standard","has-post-thumbnail","hentry","category-sociedad"],"jetpack_publicize_connections":[],"_links":{"self":[{"href":"https:\/\/diariorepublica.com.ar\/web\/index.php\/wp-json\/wp\/v2\/posts\/21185"}],"collection":[{"href":"https:\/\/diariorepublica.com.ar\/web\/index.php\/wp-json\/wp\/v2\/posts"}],"about":[{"href":"https:\/\/diariorepublica.com.ar\/web\/index.php\/wp-json\/wp\/v2\/types\/post"}],"author":[{"embeddable":true,"href":"https:\/\/diariorepublica.com.ar\/web\/index.php\/wp-json\/wp\/v2\/users\/1"}],"replies":[{"embeddable":true,"href":"https:\/\/diariorepublica.com.ar\/web\/index.php\/wp-json\/wp\/v2\/comments?post=21185"}],"version-history":[{"count":1,"href":"https:\/\/diariorepublica.com.ar\/web\/index.php\/wp-json\/wp\/v2\/posts\/21185\/revisions"}],"predecessor-version":[{"id":21187,"href":"https:\/\/diariorepublica.com.ar\/web\/index.php\/wp-json\/wp\/v2\/posts\/21185\/revisions\/21187"}],"wp:featuredmedia":[{"embeddable":true,"href":"https:\/\/diariorepublica.com.ar\/web\/index.php\/wp-json\/wp\/v2\/media\/21186"}],"wp:attachment":[{"href":"https:\/\/diariorepublica.com.ar\/web\/index.php\/wp-json\/wp\/v2\/media?parent=21185"}],"wp:term":[{"taxonomy":"category","embeddable":true,"href":"https:\/\/diariorepublica.com.ar\/web\/index.php\/wp-json\/wp\/v2\/categories?post=21185"},{"taxonomy":"post_tag","embeddable":true,"href":"https:\/\/diariorepublica.com.ar\/web\/index.php\/wp-json\/wp\/v2\/tags?post=21185"}],"curies":[{"name":"wp","href":"https:\/\/api.w.org\/{rel}","templated":true}]}}