{"id":21188,"date":"2025-01-06T12:07:42","date_gmt":"2025-01-06T15:07:42","guid":{"rendered":"https:\/\/diariorepublica.com.ar\/web\/?p=21188"},"modified":"2025-01-06T12:07:44","modified_gmt":"2025-01-06T15:07:44","slug":"la-lista-de-la-seleccion-argentina-para-el-sudamericano-sub-20","status":"publish","type":"post","link":"https:\/\/diariorepublica.com.ar\/web\/index.php\/deportes\/2025\/01\/06\/la-lista-de-la-seleccion-argentina-para-el-sudamericano-sub-20\/","title":{"rendered":"La lista de la Selecci\u00f3n Argentina para el Sudamericano Sub 20"},"content":{"rendered":"<p>La Selecci\u00f3n Argentina Sub 20 se prepara para disputar el Sudamericano de Venezuela, que se disputar\u00e1 entre el 23 de enero y el 16 de febrero, donde integrar\u00e1 la Zona B junto a Brasil, Colombia, Ecuador y Bolivia. Este lunes se dio a conocer la lista de 23 convocados por Diego Placente, que reemplaz\u00f3 a Javier Mascherano tras su salida a Inter Miami. El exdefensor tendr\u00e1 la posibilidad de contar con figuras del f\u00fatbol local como de Europa.<\/p>\n<p>Con dos jugadores jugando en Europa y el resto en el f\u00fatbol argentino, el DT design\u00f3 a los elegidos para el certamen que otorgar\u00e1 boletos para el Mundial Sub 20 de 2025.\u00a0<b>River es el equipo que m\u00e1s futbolistas aport\u00f3, con cinco<\/b>, mientras que<b>\u00a0Boca, San Lorenzo, V\u00e9lez y Lan\u00fas dos cada uno.<\/b><\/p>\n<figure class=\"imgContain\" data-modal-description=\"La lista de 23 convocados de la Selecci\u00f3n Argentina para el Sudamericano Sub 20.\" data-modal-image=\"https:\/\/media.tycsports.com\/files\/2025\/01\/06\/801216\/convocados-sub-20_w862.webp\"><img decoding=\"async\" class=\"mainImg\" title=\"Convocados Sub 20\" src=\"https:\/\/media.tycsports.com\/files\/2025\/01\/06\/801216\/convocados-sub-20_w862.webp\" alt=\"Convocados Sub 20\" data-src=\"https:\/\/media.tycsports.com\/files\/2025\/01\/06\/801216\/convocados-sub-20_w862.webp\" \/><figcaption>La lista de 23 convocados de la Selecci\u00f3n Argentina para el Sudamericano Sub 20.<\/p>\n<p>Una de las promesas que forma parte del equipo a representar a la Albiceleste es Franco Mastantuono. Con apenas 17 a\u00f1os, el juvenil logr\u00f3 consolidarse como un pilar en River y fue una de las joyas de la Liga Profesional 2024. A pesar de que en los \u00faltimos partidos perdi\u00f3 un poco de juego, se encuentra en la vista de varios conjuntos potencias como Inter y Manchester City, que estar\u00edan dispuesto a pagar los 45 millones de euros de la cl\u00e1usula. Medios europeos aseguraron que autoridades del Barcelona tambi\u00e9n mirar\u00e1n su actuaci\u00f3n en el Sudamericano.<\/p>\n<p>Por otra parte, otro surgido en el Millonario que est\u00e1 presente es Claudio Echeverri. El jugador chaque\u00f1o que debut\u00f3 oficialmente en junio del 2023 parti\u00f3 recientemente para formar parte del conjunto ingl\u00e9s de Pep Guardiola luego de completar 48 partidos oficiales, entre los que fue titular en 32 y acumula cuatro goles y seis asistencias. Fue transferido por 25 millones de d\u00f3lares al City y, aunque parec\u00eda que ser\u00eda cedido al Girona para que tenga continuidad y logre continuidad, finalmente decidieron qued\u00e1rselo y lo autorizaron a jugar con el combinado nacional.<\/p>\n<p>Otro nombres destacado es Julio Soler, lateral izquierdo de Lan\u00fas que ya tiene casi cerrado su fichaje al Bournemouth de la Premier League por 15 millones. En pocos partidos en el Granate, logr\u00f3 ganarse tanto el respeto de sus compa\u00f1eros como el cari\u00f1o incondicional de los hinchas. Aunque no convirti\u00f3 goles (estuvo cerca en el cl\u00e1sico), dej\u00f3 su sello en la definici\u00f3n por penales contra Independiente Medell\u00edn, en los cuartos de final de la Copa Sudamericana: Fue el encargado de ejecutar uno de los remates y lo hizo con una tranquilidad sorprendente.<\/p>\n<p>tycsports.com<\/figcaption><\/figure>\n","protected":false},"excerpt":{"rendered":"<p>La Selecci\u00f3n Argentina Sub 20 se prepara para disputar el Sudamericano de Venezuela, que se disputar\u00e1 entre el 23 de<\/p>\n","protected":false},"author":1,"featured_media":21189,"comment_status":"closed","ping_status":"closed","sticky":false,"template":"","format":"standard","meta":{"footnotes":"","jetpack_publicize_message":"","jetpack_publicize_feature_enabled":true,"jetpack_social_post_already_shared":true,"jetpack_social_options":{"image_generator_settings":{"template":"highway","enabled":false},"version":2}},"categories":[9],"tags":[],"class_list":["post-21188","post","type-post","status-publish","format-standard","has-post-thumbnail","hentry","category-deportes"],"jetpack_publicize_connections":[],"_links":{"self":[{"href":"https:\/\/diariorepublica.com.ar\/web\/index.php\/wp-json\/wp\/v2\/posts\/21188"}],"collection":[{"href":"https:\/\/diariorepublica.com.ar\/web\/index.php\/wp-json\/wp\/v2\/posts"}],"about":[{"href":"https:\/\/diariorepublica.com.ar\/web\/index.php\/wp-json\/wp\/v2\/types\/post"}],"author":[{"embeddable":true,"href":"https:\/\/diariorepublica.com.ar\/web\/index.php\/wp-json\/wp\/v2\/users\/1"}],"replies":[{"embeddable":true,"href":"https:\/\/diariorepublica.com.ar\/web\/index.php\/wp-json\/wp\/v2\/comments?post=21188"}],"version-history":[{"count":1,"href":"https:\/\/diariorepublica.com.ar\/web\/index.php\/wp-json\/wp\/v2\/posts\/21188\/revisions"}],"predecessor-version":[{"id":21190,"href":"https:\/\/diariorepublica.com.ar\/web\/index.php\/wp-json\/wp\/v2\/posts\/21188\/revisions\/21190"}],"wp:featuredmedia":[{"embeddable":true,"href":"https:\/\/diariorepublica.com.ar\/web\/index.php\/wp-json\/wp\/v2\/media\/21189"}],"wp:attachment":[{"href":"https:\/\/diariorepublica.com.ar\/web\/index.php\/wp-json\/wp\/v2\/media?parent=21188"}],"wp:term":[{"taxonomy":"category","embeddable":true,"href":"https:\/\/diariorepublica.com.ar\/web\/index.php\/wp-json\/wp\/v2\/categories?post=21188"},{"taxonomy":"post_tag","embeddable":true,"href":"https:\/\/diariorepublica.com.ar\/web\/index.php\/wp-json\/wp\/v2\/tags?post=21188"}],"curies":[{"name":"wp","href":"https:\/\/api.w.org\/{rel}","templated":true}]}}