{"id":21203,"date":"2025-01-07T00:08:00","date_gmt":"2025-01-07T03:08:00","guid":{"rendered":"https:\/\/diariorepublica.com.ar\/web\/?p=21203"},"modified":"2025-01-07T08:10:50","modified_gmt":"2025-01-07T11:10:50","slug":"quien-es-katia-fenocchio-la-tana-que-entro-a-gran-hermano-2025","status":"publish","type":"post","link":"https:\/\/diariorepublica.com.ar\/web\/index.php\/espectaculos\/2025\/01\/07\/quien-es-katia-fenocchio-la-tana-que-entro-a-gran-hermano-2025\/","title":{"rendered":"Qui\u00e9n es Katia Fenocchio, la \u00abTana\u00bb que entr\u00f3 a Gran Hermano 2025"},"content":{"rendered":"<p>Luca tuvo que dejar el reality este domingo, tras las salidas de Keila Sosa, por decisi\u00f3n de la producci\u00f3n; y de Brian, por una jugada del l\u00edder Giuliano. Este \u00faltimo regreso, y por la primera, este lunes lleg\u00f3 su reemplazo:\u00a0<strong>Katia Fenocchio, apodada \u201cLa Tana\u201d y conocida en las redes sociales como \u201cBarbie Bandida\u201d<\/strong>.<\/p>\n<p>De 32 a\u00f1os y oriunda de La Matanza, est\u00e1 soltera y se dedica a cortar el pelo, vender medias y trabajar como delibery de moto, adem\u00e1s de ser tatuadora.<\/p>\n<p>La \u201cTana\u201d tiene una hija de 16 a\u00f1os y revel\u00f3 que \u201csiempre fue rebelde y que hoy en d\u00eda lo \u00fanico que la haca feliz es el dinero\u201d.<\/p>\n<p>Ingres\u00f3 de una manera muy particular: a bordo de su moto. \u201cSoy la Tana de La Matanza\u201d, dijo una vez dentro de la casa.\u00a0<\/p>\n<p>NA<\/p>\n\n\n<p><\/p>\n","protected":false},"excerpt":{"rendered":"<p>Luca tuvo que dejar el reality este domingo, tras las salidas de Keila Sosa, por decisi\u00f3n de la producci\u00f3n; y<\/p>\n","protected":false},"author":1,"featured_media":21204,"comment_status":"closed","ping_status":"closed","sticky":false,"template":"","format":"standard","meta":{"footnotes":"","jetpack_publicize_message":"","jetpack_publicize_feature_enabled":true,"jetpack_social_post_already_shared":true,"jetpack_social_options":{"image_generator_settings":{"template":"highway","enabled":false},"version":2}},"categories":[7],"tags":[],"class_list":["post-21203","post","type-post","status-publish","format-standard","has-post-thumbnail","hentry","category-espectaculos"],"jetpack_publicize_connections":[],"_links":{"self":[{"href":"https:\/\/diariorepublica.com.ar\/web\/index.php\/wp-json\/wp\/v2\/posts\/21203"}],"collection":[{"href":"https:\/\/diariorepublica.com.ar\/web\/index.php\/wp-json\/wp\/v2\/posts"}],"about":[{"href":"https:\/\/diariorepublica.com.ar\/web\/index.php\/wp-json\/wp\/v2\/types\/post"}],"author":[{"embeddable":true,"href":"https:\/\/diariorepublica.com.ar\/web\/index.php\/wp-json\/wp\/v2\/users\/1"}],"replies":[{"embeddable":true,"href":"https:\/\/diariorepublica.com.ar\/web\/index.php\/wp-json\/wp\/v2\/comments?post=21203"}],"version-history":[{"count":1,"href":"https:\/\/diariorepublica.com.ar\/web\/index.php\/wp-json\/wp\/v2\/posts\/21203\/revisions"}],"predecessor-version":[{"id":21205,"href":"https:\/\/diariorepublica.com.ar\/web\/index.php\/wp-json\/wp\/v2\/posts\/21203\/revisions\/21205"}],"wp:featuredmedia":[{"embeddable":true,"href":"https:\/\/diariorepublica.com.ar\/web\/index.php\/wp-json\/wp\/v2\/media\/21204"}],"wp:attachment":[{"href":"https:\/\/diariorepublica.com.ar\/web\/index.php\/wp-json\/wp\/v2\/media?parent=21203"}],"wp:term":[{"taxonomy":"category","embeddable":true,"href":"https:\/\/diariorepublica.com.ar\/web\/index.php\/wp-json\/wp\/v2\/categories?post=21203"},{"taxonomy":"post_tag","embeddable":true,"href":"https:\/\/diariorepublica.com.ar\/web\/index.php\/wp-json\/wp\/v2\/tags?post=21203"}],"curies":[{"name":"wp","href":"https:\/\/api.w.org\/{rel}","templated":true}]}}