{"id":21318,"date":"2025-01-14T10:00:00","date_gmt":"2025-01-14T13:00:00","guid":{"rendered":"https:\/\/diariorepublica.com.ar\/web\/?p=21318"},"modified":"2025-01-14T08:34:08","modified_gmt":"2025-01-14T11:34:08","slug":"la-defensa-de-seleccion-de-river","status":"publish","type":"post","link":"https:\/\/diariorepublica.com.ar\/web\/index.php\/deportes\/2025\/01\/14\/la-defensa-de-seleccion-de-river\/","title":{"rendered":"La defensa de Selecci\u00f3n de River"},"content":{"rendered":"<p>En busca de potenciar el plantel y ser candidato en todos los frentes, Marcelo Gallardo consigui\u00f3 armar una defensa de elite en las \u00faltimas horas. Con Germ\u00e1n Pezzella y Marcos Acu\u00f1a en el plantel desde el invierno pasado, el Millonario logr\u00f3 cerrar los regresos de Lucas Mart\u00ednez Quarta y Gonzalo Montiel, ambos campeones con la Selecci\u00f3n Argentina.<\/p>\n<p>De este modo, la Banda se posiciona como el segundo club del globo, detr\u00e1s de Atl\u00e9tico de Madrid, en tener mayor cantidad de ganadores de Mundiales en su equipo.<\/p>\n<p>River debi\u00f3 desembolsar cerca de 5 millones de euros (4,5 y uno m\u00e1s en variables) a las arcas de Sevilla para repatriar al marcador de punta, que cerr\u00f3 un a\u00f1o de poco rodaje. Con apenas 370 minutos disputados esta temporada en el Sevilla -dos partidos como titular-, el autor del penal definitivo en la final de Qatar 2022 ante Francia buscaba una salida del conjunto andaluz, que quer\u00eda liberarlo r\u00e1pidamente para sanear sus problemas con el Fair Play Financiero.<\/p>\n<p>A su arribo, que se rubricar\u00e1 hasta diciembre de 2028 en los pr\u00f3ximos d\u00edas, se le suma el de Mart\u00ednez Quarta, quien ya trabaja junto a los dem\u00e1s refuerzos -Enzo P\u00e9rez, Gonzalo Tapia, Giuliano Galoppo y Mat\u00edas Rojas- en la pretemporada de San Mart\u00edn de los Andes.<\/p>\n<p>La llegada del Chino, campe\u00f3n de la Copa Libertadores 2018 junto con Montiel, le aport\u00f3 un nuevo salto de calidad a la defensa de River, que era de elite en el f\u00fatbol sudamericano. Si se cuenta a Franco Armani, la \u00faltima l\u00ednea podr\u00eda tener tres campeones del mundo y cuatro bicampeones de Am\u00e9rica, dado que el exzaguero de la Fiore no estuvo en Qatar pero s\u00ed en Brasil y Estados Unidos.<\/p>\n<p>El \u00fanico que no gan\u00f3 t\u00edtulos con la Albiceleste fue Fabricio Bustos, integrante de las primeras convocatorias del ciclo de Lionel Scaloni, pero perdi\u00f3 terreno con el propio Montiel. Ahora que tiene a Cachete, el conjunto de Marcelo Gallardo contar\u00e1 con toda su defensa campeona con la Selecci\u00f3n.<\/p>\n<p>Tambi\u00e9n se colocar\u00e1 como el segundo equipo con m\u00e1s campeones del mundo de todo el planeta, solo detr\u00e1s del Atl\u00e9tico de Madrid del Cholo Simeone. El conjunto colchonero goza de seis futbolistas que levantaron el trofeo m\u00e1s prestigioso de todos: Rodrigo De Paul, Nahuel Molina, Juli\u00e1n \u00c1lvarez y \u00c1ngel Correa con Argentina, y Antoine Griezmann y Thomas Lemar con Francia.<\/p>\n<p>Gracias a su flamante incorporaci\u00f3n, releg\u00f3 a Paris Saint-Germain al tercer puesto, que cuenta con Presnel Kimpembe, Lucas Hern\u00e1ndez y Ousmane Demb\u00e9l\u00e9, todos gloriosos con Les Bleus en Rusia 2018.<\/p>\n<p>Con tanto jugador de renombre, Gallardo buscar\u00e1 mejores resultados que en el 2024, donde lleg\u00f3 a mitad de a\u00f1o para reemplazar a Mart\u00edn Demichelis, trajo jerarqu\u00eda en el mercado de pases, pero el equipo nunca pudo rendir como s\u00ed lo hizo en su exitos\u00edsimo ciclo anterior. Pese a que clasificaron c\u00f3modos a la pr\u00f3xima Copa Libertadores, la dolorosa eliminaci\u00f3n frente a Atl\u00e9tico Mineiro y la irregular campa\u00f1a en la Liga Profesional no dejaron satisfechos a los hinchas. Con una pretemporada y caras nuevas importantes, buscar\u00e1n volver a aquellos a\u00f1os gloriosos de la mano del Mu\u00f1eco.<\/p>\n<p>tycsports.com<\/p>\n","protected":false},"excerpt":{"rendered":"<p>En busca de potenciar el plantel y ser candidato en todos los frentes, Marcelo Gallardo consigui\u00f3 armar una defensa de<\/p>\n","protected":false},"author":1,"featured_media":21319,"comment_status":"closed","ping_status":"closed","sticky":false,"template":"","format":"standard","meta":{"footnotes":"","jetpack_publicize_message":"","jetpack_publicize_feature_enabled":true,"jetpack_social_post_already_shared":true,"jetpack_social_options":{"image_generator_settings":{"template":"highway","enabled":false},"version":2}},"categories":[9],"tags":[],"class_list":["post-21318","post","type-post","status-publish","format-standard","has-post-thumbnail","hentry","category-deportes"],"jetpack_publicize_connections":[],"_links":{"self":[{"href":"https:\/\/diariorepublica.com.ar\/web\/index.php\/wp-json\/wp\/v2\/posts\/21318"}],"collection":[{"href":"https:\/\/diariorepublica.com.ar\/web\/index.php\/wp-json\/wp\/v2\/posts"}],"about":[{"href":"https:\/\/diariorepublica.com.ar\/web\/index.php\/wp-json\/wp\/v2\/types\/post"}],"author":[{"embeddable":true,"href":"https:\/\/diariorepublica.com.ar\/web\/index.php\/wp-json\/wp\/v2\/users\/1"}],"replies":[{"embeddable":true,"href":"https:\/\/diariorepublica.com.ar\/web\/index.php\/wp-json\/wp\/v2\/comments?post=21318"}],"version-history":[{"count":1,"href":"https:\/\/diariorepublica.com.ar\/web\/index.php\/wp-json\/wp\/v2\/posts\/21318\/revisions"}],"predecessor-version":[{"id":21320,"href":"https:\/\/diariorepublica.com.ar\/web\/index.php\/wp-json\/wp\/v2\/posts\/21318\/revisions\/21320"}],"wp:featuredmedia":[{"embeddable":true,"href":"https:\/\/diariorepublica.com.ar\/web\/index.php\/wp-json\/wp\/v2\/media\/21319"}],"wp:attachment":[{"href":"https:\/\/diariorepublica.com.ar\/web\/index.php\/wp-json\/wp\/v2\/media?parent=21318"}],"wp:term":[{"taxonomy":"category","embeddable":true,"href":"https:\/\/diariorepublica.com.ar\/web\/index.php\/wp-json\/wp\/v2\/categories?post=21318"},{"taxonomy":"post_tag","embeddable":true,"href":"https:\/\/diariorepublica.com.ar\/web\/index.php\/wp-json\/wp\/v2\/tags?post=21318"}],"curies":[{"name":"wp","href":"https:\/\/api.w.org\/{rel}","templated":true}]}}