{"id":2133,"date":"2023-04-27T08:41:43","date_gmt":"2023-04-27T11:41:43","guid":{"rendered":"https:\/\/diariorepublica.com.ar\/web\/?p=2133"},"modified":"2023-04-27T08:41:45","modified_gmt":"2023-04-27T11:41:45","slug":"saadi-esta-demostrando-que-no-es-valiente","status":"publish","type":"post","link":"https:\/\/diariorepublica.com.ar\/web\/index.php\/politica\/2023\/04\/27\/saadi-esta-demostrando-que-no-es-valiente\/","title":{"rendered":"\u201cSaadi est\u00e1 demostrando que no es valiente\u201d"},"content":{"rendered":"<p>El concejal radical Fernando Navarro, el primero en pedir la implementaci\u00f3n de la ordenanza de Boleta \u00danica (BU) Electr\u00f3nica en la Capital para estas elecciones, a trav\u00e9s de una carta abierta publicada en sus redes sociales, se dirigi\u00f3 al alcalde para se\u00f1alarle que no es valiente ya que no toma la decisi\u00f3n de implementar el sistema de selecci\u00f3n vigente. Seg\u00fan indic\u00f3, el temor del Intendente est\u00e1 dado por el gobernador Ra\u00fal Jalil y la senadora nacional Luc\u00eda Corpacci, quienes le impiden dar luz verde a la implementaci\u00f3n de la BU. Por ello, el edil esgrimi\u00f3 que nunca hubo voluntad pol\u00edtica y que fue una \u201cpuesta en escena con claro tono de chantaje pol\u00edtico\u201d.<\/p>\n<p>\u201cSaadi: no se confunda, yo no camino para atr\u00e1s como un cangrejo\u201d, indic\u00f3 el concejal para rescatar las palabras del jefe comunal capitalino cuando expres\u00f3 que \u201cse podr\u00eda trabajar en la ordenanza\u201d de la Boleta \u00danica, \u201cpero que ve que \u2018no hay acuerdo porque hay una mera especulaci\u00f3n electoral\u2019\u201d. En este orden, el concejal opositor le record\u00f3 que la ordenanza de la Boleta \u00danica Electr\u00f3nica para la elecci\u00f3n de cargos municipales se encuentra vigente desde el 2018.<\/p>\n<p>Con esto, resalt\u00f3 que \u201cla aplicaci\u00f3n de la misma depende de una valiente decisi\u00f3n pol\u00edtica del Intendente, por cuanto se encuentra vigente y la forma de convocatoria es una facultad del Intendente\u201d.<\/p>\n","protected":false},"excerpt":{"rendered":"<p>El concejal radical Fernando Navarro, el primero en pedir la implementaci\u00f3n de la ordenanza de Boleta \u00danica (BU) Electr\u00f3nica en<\/p>\n","protected":false},"author":2,"featured_media":2134,"comment_status":"closed","ping_status":"closed","sticky":false,"template":"","format":"standard","meta":{"footnotes":"","jetpack_publicize_message":"","jetpack_publicize_feature_enabled":true,"jetpack_social_post_already_shared":false,"jetpack_social_options":{"image_generator_settings":{"template":"highway","enabled":false},"version":2}},"categories":[12],"tags":[],"class_list":["post-2133","post","type-post","status-publish","format-standard","has-post-thumbnail","hentry","category-politica"],"jetpack_publicize_connections":[],"_links":{"self":[{"href":"https:\/\/diariorepublica.com.ar\/web\/index.php\/wp-json\/wp\/v2\/posts\/2133"}],"collection":[{"href":"https:\/\/diariorepublica.com.ar\/web\/index.php\/wp-json\/wp\/v2\/posts"}],"about":[{"href":"https:\/\/diariorepublica.com.ar\/web\/index.php\/wp-json\/wp\/v2\/types\/post"}],"author":[{"embeddable":true,"href":"https:\/\/diariorepublica.com.ar\/web\/index.php\/wp-json\/wp\/v2\/users\/2"}],"replies":[{"embeddable":true,"href":"https:\/\/diariorepublica.com.ar\/web\/index.php\/wp-json\/wp\/v2\/comments?post=2133"}],"version-history":[{"count":1,"href":"https:\/\/diariorepublica.com.ar\/web\/index.php\/wp-json\/wp\/v2\/posts\/2133\/revisions"}],"predecessor-version":[{"id":2135,"href":"https:\/\/diariorepublica.com.ar\/web\/index.php\/wp-json\/wp\/v2\/posts\/2133\/revisions\/2135"}],"wp:featuredmedia":[{"embeddable":true,"href":"https:\/\/diariorepublica.com.ar\/web\/index.php\/wp-json\/wp\/v2\/media\/2134"}],"wp:attachment":[{"href":"https:\/\/diariorepublica.com.ar\/web\/index.php\/wp-json\/wp\/v2\/media?parent=2133"}],"wp:term":[{"taxonomy":"category","embeddable":true,"href":"https:\/\/diariorepublica.com.ar\/web\/index.php\/wp-json\/wp\/v2\/categories?post=2133"},{"taxonomy":"post_tag","embeddable":true,"href":"https:\/\/diariorepublica.com.ar\/web\/index.php\/wp-json\/wp\/v2\/tags?post=2133"}],"curies":[{"name":"wp","href":"https:\/\/api.w.org\/{rel}","templated":true}]}}