{"id":21333,"date":"2025-01-15T08:48:02","date_gmt":"2025-01-15T11:48:02","guid":{"rendered":"https:\/\/diariorepublica.com.ar\/web\/?p=21333"},"modified":"2025-01-15T08:48:05","modified_gmt":"2025-01-15T11:48:05","slug":"amistoso-internacional-boca-vs-juventude-desde-las-20-hs","status":"publish","type":"post","link":"https:\/\/diariorepublica.com.ar\/web\/index.php\/deportes\/2025\/01\/15\/amistoso-internacional-boca-vs-juventude-desde-las-20-hs\/","title":{"rendered":"Amistoso internacional: Boca vs. Juventude desde las 20 hs"},"content":{"rendered":"<p><b>Boca arranca la temporada futbol\u00edstica con un amistoso\u00a0<\/b>justamente para descomprimir antes de poner en marcha la competencia oficial. \u00bfEl rival?\u00a0<b>Juventude, de Brasil<\/b>, con quien se medir\u00e1 este mi\u00e9rcoles a partir de las 20 en el Estadio de San Nicol\u00e1s.<\/p>\n<p>Aunque el plantel ya cuenta con Ayrton Costa, Alan Velasco y Rodrigo Battaglia como flamantes refuerzos que arribaron en 2025,\u00a0<b>el \u00fanico que har\u00eda su debut con la camiseta azul y oro es Carlos Palacios<\/b>, teniendo en cuneta que estuvo desde el primer d\u00eda de la puesta a punto y est\u00e1 en condiciones f\u00edsicas de sumar minutos.<\/p>\n<p>Por el momento, la informaci\u00f3n indica que Fernando Gago optar\u00e1 por un equipo mayormente alternativo, teniendo en cuenta que figuras de la talla de<b>\u00a0Marcos Rojo, Edinson Cavani, Marcelo Saracchi y Cristian Lema, entre otros, ni siquiera viajar\u00e1n<\/b>\u00a0con el objetivo de seguir trabajando en Boca Predio.<\/p>\n<p>La idea de Pintita, entonces, es ver a otros futbolistas que en general todav\u00eda no fueron probados, como el caso de Esteban Rol\u00f3n, que regres\u00f3 de su pr\u00e9stamo en Belgrano, e incluso Lucas Blondel, quien se recuper\u00f3 de la lesi\u00f3n en la rodilla y m\u00e1s de diez meses despu\u00e9s podr\u00eda volver a las canchas.<\/p>\n<p>Juventude, conjunto que finaliz\u00f3 el \u00faltimo Brasileirao en el 15\u00ba lugar y se salv\u00f3 del descenso, ser\u00e1 la primera prueba de Boca en este comienzo de a\u00f1o que no le dar\u00e1 tregua porque tan solo un pu\u00f1ado de d\u00edas despu\u00e9s lo har\u00e1 jugar su primer partido oficial.<\/p>\n<p>Boca vs. Juventude se podr\u00e1 seguir desde una PC o cualquier dispositivo m\u00f3vil de manera exclusiva a trav\u00e9s de Disney +, la plataforma digital de ESPN, la cual se contrata previo registro a trav\u00e9s de la p\u00e1gina web por 10.699$ final por mes. A su vez, podr\u00e1s seguirlo minuto a minuto a trav\u00e9s de<a href=\"https:\/\/www.tycsports.com\/\" target=\"_blank\" rel=\"noopener\">\u00a0tycsports.com.<\/a><\/p>\n<ul>\n<li><u>Hora<\/u>: 20.<\/li>\n<li><u>TV\/ online<\/u>: Disney+.<\/li>\n<li><u>Sede<\/u>: estadio de San Nicol\u00e1s<\/li>\n<\/ul>\n<p>tycsports.com<\/p>\n","protected":false},"excerpt":{"rendered":"<p>Boca arranca la temporada futbol\u00edstica con un amistoso\u00a0justamente para descomprimir antes de poner en marcha la competencia oficial. \u00bfEl rival?\u00a0Juventude,<\/p>\n","protected":false},"author":1,"featured_media":21334,"comment_status":"closed","ping_status":"closed","sticky":false,"template":"","format":"standard","meta":{"footnotes":"","jetpack_publicize_message":"","jetpack_publicize_feature_enabled":true,"jetpack_social_post_already_shared":true,"jetpack_social_options":{"image_generator_settings":{"template":"highway","enabled":false},"version":2}},"categories":[9],"tags":[],"class_list":["post-21333","post","type-post","status-publish","format-standard","has-post-thumbnail","hentry","category-deportes"],"jetpack_publicize_connections":[],"_links":{"self":[{"href":"https:\/\/diariorepublica.com.ar\/web\/index.php\/wp-json\/wp\/v2\/posts\/21333"}],"collection":[{"href":"https:\/\/diariorepublica.com.ar\/web\/index.php\/wp-json\/wp\/v2\/posts"}],"about":[{"href":"https:\/\/diariorepublica.com.ar\/web\/index.php\/wp-json\/wp\/v2\/types\/post"}],"author":[{"embeddable":true,"href":"https:\/\/diariorepublica.com.ar\/web\/index.php\/wp-json\/wp\/v2\/users\/1"}],"replies":[{"embeddable":true,"href":"https:\/\/diariorepublica.com.ar\/web\/index.php\/wp-json\/wp\/v2\/comments?post=21333"}],"version-history":[{"count":1,"href":"https:\/\/diariorepublica.com.ar\/web\/index.php\/wp-json\/wp\/v2\/posts\/21333\/revisions"}],"predecessor-version":[{"id":21335,"href":"https:\/\/diariorepublica.com.ar\/web\/index.php\/wp-json\/wp\/v2\/posts\/21333\/revisions\/21335"}],"wp:featuredmedia":[{"embeddable":true,"href":"https:\/\/diariorepublica.com.ar\/web\/index.php\/wp-json\/wp\/v2\/media\/21334"}],"wp:attachment":[{"href":"https:\/\/diariorepublica.com.ar\/web\/index.php\/wp-json\/wp\/v2\/media?parent=21333"}],"wp:term":[{"taxonomy":"category","embeddable":true,"href":"https:\/\/diariorepublica.com.ar\/web\/index.php\/wp-json\/wp\/v2\/categories?post=21333"},{"taxonomy":"post_tag","embeddable":true,"href":"https:\/\/diariorepublica.com.ar\/web\/index.php\/wp-json\/wp\/v2\/tags?post=21333"}],"curies":[{"name":"wp","href":"https:\/\/api.w.org\/{rel}","templated":true}]}}