{"id":21336,"date":"2025-01-15T05:48:00","date_gmt":"2025-01-15T08:48:00","guid":{"rendered":"https:\/\/diariorepublica.com.ar\/web\/?p=21336"},"modified":"2025-01-15T08:49:42","modified_gmt":"2025-01-15T11:49:42","slug":"turistas-ingresan-ilegalmente-a-la-laguna-escondida-en-antofalla","status":"publish","type":"post","link":"https:\/\/diariorepublica.com.ar\/web\/index.php\/locales\/2025\/01\/15\/turistas-ingresan-ilegalmente-a-la-laguna-escondida-en-antofalla\/","title":{"rendered":"Turistas ingresan ilegalmente a la Laguna Escondida en Antofalla"},"content":{"rendered":"<div class=\"data\">\n<div class=\"inner-share-bar cf\">\n<div class=\"item\"><\/div>\n<div class=\"item\"><span style=\"font-size: 15px;\">Un grupo de turistas ingres\u00f3 al agua de la laguna, desobedeciendo la se\u00f1alizaci\u00f3n que proh\u00edbe expresamente esta actividad.<\/span><\/div>\n<\/div>\n<\/div>\n<div class=\"txt_contenido\">\n<p>El municipio local denunci\u00f3 que esta acci\u00f3n representa un grave impacto negativo en el ecosistema del lugar, considerado un espacio natural protegido de alta fragilidad ambiental. \u00abEste tipo de conductas son una violaci\u00f3n directa a las normas de conservaci\u00f3n ambiental y ponen en riesgo la preservaci\u00f3n de un patrimonio \u00fanico en nuestra regi\u00f3n\u00bb, declararon autoridades municipales.<\/p>\n<p>Tras el incidente, el municipio inform\u00f3 de lo ocurrido a la autoridad m\u00e1xima de turismo provincial, quien ya ha intervenido en el caso y est\u00e1 gestionando una investigaci\u00f3n exhaustiva para determinar responsabilidades y aplicar las sanciones correspondientes. Adem\u00e1s, se realiz\u00f3 la denuncia pertinente en la delegaci\u00f3n policial de la Villa de Antofagasta de la Sierra.<\/p>\n<p>Se identific\u00f3 que los turistas involucrados estaban bajo la coordinaci\u00f3n del se\u00f1or Gustavo Palavecino, representante de la agencia \u00abLa Huella Traves\u00edas 4&#215;4\u00bb, con domicilios registrados en las provincias de C\u00f3rdoba y Santiago del Estero.<\/p>\n<p>Desde el municipio de Antofagasta de la Sierra reafirmaron su compromiso con la protecci\u00f3n de los espacios naturales de la regi\u00f3n y su respeto por los derechos de las comunidades ind\u00edgenas, destacando la importancia de generar conciencia entre los visitantes sobre la fragilidad de estos ecosistemas.<\/p>\n<p>El caso sirve como un llamado de atenci\u00f3n para todos los actores involucrados en el turismo responsable, subrayando la necesidad de respetar las normativas ambientales y los valores culturales de la puna argentina.<\/p>\n<\/div>\n","protected":false},"excerpt":{"rendered":"<p>Un grupo de turistas ingres\u00f3 al agua de la laguna, desobedeciendo la se\u00f1alizaci\u00f3n que proh\u00edbe expresamente esta actividad. El municipio<\/p>\n","protected":false},"author":1,"featured_media":21337,"comment_status":"closed","ping_status":"closed","sticky":false,"template":"","format":"standard","meta":{"footnotes":"","jetpack_publicize_message":"","jetpack_publicize_feature_enabled":true,"jetpack_social_post_already_shared":true,"jetpack_social_options":{"image_generator_settings":{"template":"highway","enabled":false},"version":2}},"categories":[2],"tags":[],"class_list":["post-21336","post","type-post","status-publish","format-standard","has-post-thumbnail","hentry","category-locales"],"jetpack_publicize_connections":[],"_links":{"self":[{"href":"https:\/\/diariorepublica.com.ar\/web\/index.php\/wp-json\/wp\/v2\/posts\/21336"}],"collection":[{"href":"https:\/\/diariorepublica.com.ar\/web\/index.php\/wp-json\/wp\/v2\/posts"}],"about":[{"href":"https:\/\/diariorepublica.com.ar\/web\/index.php\/wp-json\/wp\/v2\/types\/post"}],"author":[{"embeddable":true,"href":"https:\/\/diariorepublica.com.ar\/web\/index.php\/wp-json\/wp\/v2\/users\/1"}],"replies":[{"embeddable":true,"href":"https:\/\/diariorepublica.com.ar\/web\/index.php\/wp-json\/wp\/v2\/comments?post=21336"}],"version-history":[{"count":1,"href":"https:\/\/diariorepublica.com.ar\/web\/index.php\/wp-json\/wp\/v2\/posts\/21336\/revisions"}],"predecessor-version":[{"id":21338,"href":"https:\/\/diariorepublica.com.ar\/web\/index.php\/wp-json\/wp\/v2\/posts\/21336\/revisions\/21338"}],"wp:featuredmedia":[{"embeddable":true,"href":"https:\/\/diariorepublica.com.ar\/web\/index.php\/wp-json\/wp\/v2\/media\/21337"}],"wp:attachment":[{"href":"https:\/\/diariorepublica.com.ar\/web\/index.php\/wp-json\/wp\/v2\/media?parent=21336"}],"wp:term":[{"taxonomy":"category","embeddable":true,"href":"https:\/\/diariorepublica.com.ar\/web\/index.php\/wp-json\/wp\/v2\/categories?post=21336"},{"taxonomy":"post_tag","embeddable":true,"href":"https:\/\/diariorepublica.com.ar\/web\/index.php\/wp-json\/wp\/v2\/tags?post=21336"}],"curies":[{"name":"wp","href":"https:\/\/api.w.org\/{rel}","templated":true}]}}