{"id":21427,"date":"2025-01-20T06:53:00","date_gmt":"2025-01-20T09:53:00","guid":{"rendered":"https:\/\/diariorepublica.com.ar\/web\/?p=21427"},"modified":"2025-01-20T09:56:44","modified_gmt":"2025-01-20T12:56:44","slug":"kristalina-georgieva-confirmo-que-un-equipo-del-fmi-vendra-a-la-argentina","status":"publish","type":"post","link":"https:\/\/diariorepublica.com.ar\/web\/index.php\/economia\/2025\/01\/20\/kristalina-georgieva-confirmo-que-un-equipo-del-fmi-vendra-a-la-argentina\/","title":{"rendered":"Kristalina Georgieva confirm\u00f3 que un equipo del FMI vendr\u00e1 a la Argentina"},"content":{"rendered":"<p>Javier Milei se reuni\u00f3 nuevamente con Kristalina Georgieva, directora gerente del Fondo Monetario Internacional (FMI), este lunes en Washington. El encuentro, que tuvo lugar en el hotel donde se hospeda el presidente argentino, se extendi\u00f3 por 75 minutos. Al finalizar, Georgieva adelant\u00f3 a la prensa argentina en el lobby: \u201cQueremos avanzar r\u00e1pidamente en un nuevo programa y presentarlo al board\u201d. Asimismo, confirm\u00f3 que una misi\u00f3n t\u00e9cnica del FMI viajar\u00e1 a Buenos Aires la pr\u00f3xima semana.<\/p>\n<p>La titular del FMI destac\u00f3 que Argentina ha logrado un \u201cprogreso tremendo\u201d y a\u00f1adi\u00f3: \u201cEl impulso para las nuevas reformas es fuerte; este es un buen momento para dar un mayor impulso a las velas del pa\u00eds\u201d.<\/p>\n<article class=\"article-body article-body--third-paragraph content-protected-false\">En la reuni\u00f3n, Milei estuvo acompa\u00f1ado por su hermana y secretaria general de la Presidencia, Karina Milei; el ministro de Econom\u00eda, Luis \u201cToto\u201d Caputo, y el canciller Gerardo Werthein.<\/p>\n<\/article>\n<article class=\"article-body article-body--fourth-paragraph content-protected-false\">Tras la reuni\u00f3n, Javier Milei expres\u00f3 en su red social X: \u00abVamos muy bien, viva la libertad carajo\u00bb que lo acompa\u00f1\u00f3 con las im\u00e1genes oficiales con la titular del Fondo Monetario Internacional (FMI).<\/p>\n<\/article>\n<article class=\"article-body article-body--remaining-paragraph content-protected-false\">\n<div id=\"embed0_wrap\" class=\"embed_cont type_freetext\" contenteditable=\"false\">\n<div id=\"embed0_content\" class=\"embed_content\">\n<div id=\"embed0_embed\">\n<div class=\"twitter-tweet twitter-tweet-rendered\"><iframe id=\"twitter-widget-0\" class=\"\" title=\"X Post\" src=\"https:\/\/platform.twitter.com\/embed\/Tweet.html?creatorScreenName=Ambitocom&amp;dnt=false&amp;embedId=twitter-widget-0&amp;features=eyJ0ZndfdGltZWxpbmVfbGlzdCI6eyJidWNrZXQiOltdLCJ2ZXJzaW9uIjpudWxsfSwidGZ3X2ZvbGxvd2VyX2NvdW50X3N1bnNldCI6eyJidWNrZXQiOnRydWUsInZlcnNpb24iOm51bGx9LCJ0ZndfdHdlZXRfZWRpdF9iYWNrZW5kIjp7ImJ1Y2tldCI6Im9uIiwidmVyc2lvbiI6bnVsbH0sInRmd19yZWZzcmNfc2Vzc2lvbiI6eyJidWNrZXQiOiJvbiIsInZlcnNpb24iOm51bGx9LCJ0ZndfZm9zbnJfc29mdF9pbnRlcnZlbnRpb25zX2VuYWJsZWQiOnsiYnVja2V0Ijoib24iLCJ2ZXJzaW9uIjpudWxsfSwidGZ3X21peGVkX21lZGlhXzE1ODk3Ijp7ImJ1Y2tldCI6InRyZWF0bWVudCIsInZlcnNpb24iOm51bGx9LCJ0ZndfZXhwZXJpbWVudHNfY29va2llX2V4cGlyYXRpb24iOnsiYnVja2V0IjoxMjA5NjAwLCJ2ZXJzaW9uIjpudWxsfSwidGZ3X3Nob3dfYmlyZHdhdGNoX3Bpdm90c19lbmFibGVkIjp7ImJ1Y2tldCI6Im9uIiwidmVyc2lvbiI6bnVsbH0sInRmd19kdXBsaWNhdGVfc2NyaWJlc190b19zZXR0aW5ncyI6eyJidWNrZXQiOiJvbiIsInZlcnNpb24iOm51bGx9LCJ0ZndfdXNlX3Byb2ZpbGVfaW1hZ2Vfc2hhcGVfZW5hYmxlZCI6eyJidWNrZXQiOiJvbiIsInZlcnNpb24iOm51bGx9LCJ0ZndfdmlkZW9faGxzX2R5bmFtaWNfbWFuaWZlc3RzXzE1MDgyIjp7ImJ1Y2tldCI6InRydWVfYml0cmF0ZSIsInZlcnNpb24iOm51bGx9LCJ0ZndfbGVnYWN5X3RpbWVsaW5lX3N1bnNldCI6eyJidWNrZXQiOnRydWUsInZlcnNpb24iOm51bGx9LCJ0ZndfdHdlZXRfZWRpdF9mcm9udGVuZCI6eyJidWNrZXQiOiJvbiIsInZlcnNpb24iOm51bGx9fQ%3D%3D&amp;frame=false&amp;hideCard=false&amp;hideThread=false&amp;id=1881063605891948850&amp;lang=es&amp;maxWidth=560px&amp;origin=https%3A%2F%2Fwww.ambito.com%2Feconomia%2Fkristalina-georgieva-confirmo-que-un-equipo-del-fmi-vendra-la-argentina-n610446&amp;sessionId=02483926669f10dc11fe52bb8a70ba467179112b&amp;siteScreenName=Ambitocom&amp;theme=light&amp;widgetsVersion=2615f7e52b7e0%3A1702314776716&amp;width=550px\" frameborder=\"0\" scrolling=\"no\" allowfullscreen=\"allowfullscreen\" data-tweet-id=\"1881063605891948850\" data-mce-fragment=\"1\"><\/iframe><\/div>\n<\/div>\n<\/div>\n<\/div>\n<\/article>\n","protected":false},"excerpt":{"rendered":"<p>Javier Milei se reuni\u00f3 nuevamente con Kristalina Georgieva, directora gerente del Fondo Monetario Internacional (FMI), este lunes en Washington. El<\/p>\n","protected":false},"author":1,"featured_media":21428,"comment_status":"closed","ping_status":"closed","sticky":false,"template":"","format":"standard","meta":{"footnotes":"","jetpack_publicize_message":"","jetpack_publicize_feature_enabled":true,"jetpack_social_post_already_shared":true,"jetpack_social_options":{"image_generator_settings":{"template":"highway","enabled":false},"version":2}},"categories":[5],"tags":[],"class_list":["post-21427","post","type-post","status-publish","format-standard","has-post-thumbnail","hentry","category-economia"],"jetpack_publicize_connections":[],"_links":{"self":[{"href":"https:\/\/diariorepublica.com.ar\/web\/index.php\/wp-json\/wp\/v2\/posts\/21427"}],"collection":[{"href":"https:\/\/diariorepublica.com.ar\/web\/index.php\/wp-json\/wp\/v2\/posts"}],"about":[{"href":"https:\/\/diariorepublica.com.ar\/web\/index.php\/wp-json\/wp\/v2\/types\/post"}],"author":[{"embeddable":true,"href":"https:\/\/diariorepublica.com.ar\/web\/index.php\/wp-json\/wp\/v2\/users\/1"}],"replies":[{"embeddable":true,"href":"https:\/\/diariorepublica.com.ar\/web\/index.php\/wp-json\/wp\/v2\/comments?post=21427"}],"version-history":[{"count":1,"href":"https:\/\/diariorepublica.com.ar\/web\/index.php\/wp-json\/wp\/v2\/posts\/21427\/revisions"}],"predecessor-version":[{"id":21429,"href":"https:\/\/diariorepublica.com.ar\/web\/index.php\/wp-json\/wp\/v2\/posts\/21427\/revisions\/21429"}],"wp:featuredmedia":[{"embeddable":true,"href":"https:\/\/diariorepublica.com.ar\/web\/index.php\/wp-json\/wp\/v2\/media\/21428"}],"wp:attachment":[{"href":"https:\/\/diariorepublica.com.ar\/web\/index.php\/wp-json\/wp\/v2\/media?parent=21427"}],"wp:term":[{"taxonomy":"category","embeddable":true,"href":"https:\/\/diariorepublica.com.ar\/web\/index.php\/wp-json\/wp\/v2\/categories?post=21427"},{"taxonomy":"post_tag","embeddable":true,"href":"https:\/\/diariorepublica.com.ar\/web\/index.php\/wp-json\/wp\/v2\/tags?post=21427"}],"curies":[{"name":"wp","href":"https:\/\/api.w.org\/{rel}","templated":true}]}}