{"id":21439,"date":"2025-01-20T07:24:00","date_gmt":"2025-01-20T10:24:00","guid":{"rendered":"https:\/\/diariorepublica.com.ar\/web\/?p=21439"},"modified":"2025-01-20T10:31:10","modified_gmt":"2025-01-20T13:31:10","slug":"nuevo-eliminado-en-gran-hermano-2025","status":"publish","type":"post","link":"https:\/\/diariorepublica.com.ar\/web\/index.php\/espectaculos\/2025\/01\/20\/nuevo-eliminado-en-gran-hermano-2025\/","title":{"rendered":"Nuevo eliminado en Gran Hermano 2025"},"content":{"rendered":"<p>Este domingo tuvo lugar una nueva gala de eliminaci\u00f3n en Gran Hermano 2025, por lo que las emociones no faltaron en el reality show de Telefe. Al igual que la \u00faltima vez, la eliminaci\u00f3n se decidi\u00f3 a trav\u00e9s del voto positivo, por lo que aquel que menos votos acumul\u00f3 fue quien se despidi\u00f3 de sus compa\u00f1eros.<\/p>\n<p>La lista de los ocho nominados estaba conformada por Santiago, Brian, Martina, Juan Pablo, Carlos, Jenifer, Chiara y Lourdes. Santiago del Moro anunci\u00f3, uno por uno, quienes segu\u00edan en competencia en base a la cantidad de votos que recibieron, algo que demostr\u00f3 el apoyo que ya acumulan algunos jugadores.<\/p>\n<p>El orden de salvados fue Santiago, Lourdes, Chiara, Brian, Martina y Jenifer, por lo que\u00a0<strong>se dio un mano a mano entre Carlos y Juan Pablo<\/strong>\u00a0para conocer el pr\u00f3ximo eliminado. Pese a los pron\u00f3sticos,\u00a0<strong>el participante que abandon\u00f3 la casa m\u00e1s famosa del pa\u00eds fue Carlos<\/strong>, que obtuvo solamente el 31,4% de los votos positivos en el duelo final.<\/p>\n<p>\u201cA todos gracias, para m\u00ed Gran Hermano fue una experiencia hermosa, una aventura inolvidable. Gracias a todos. \u00a1<strong>Siempre todos en mi coraz\u00f3n<\/strong>! Gracias chicos\u201d, expres\u00f3 el hombre que se defini\u00f3 como un empresario de la noche, entrenador de f\u00fatbol y exfutbolista.\u00a0<\/p>\n\n\n<p><\/p>\n","protected":false},"excerpt":{"rendered":"<p>Este domingo tuvo lugar una nueva gala de eliminaci\u00f3n en Gran Hermano 2025, por lo que las emociones no faltaron<\/p>\n","protected":false},"author":1,"featured_media":21440,"comment_status":"closed","ping_status":"closed","sticky":false,"template":"","format":"standard","meta":{"footnotes":"","jetpack_publicize_message":"","jetpack_publicize_feature_enabled":true,"jetpack_social_post_already_shared":true,"jetpack_social_options":{"image_generator_settings":{"template":"highway","enabled":false},"version":2}},"categories":[7],"tags":[],"class_list":["post-21439","post","type-post","status-publish","format-standard","has-post-thumbnail","hentry","category-espectaculos"],"jetpack_publicize_connections":[],"_links":{"self":[{"href":"https:\/\/diariorepublica.com.ar\/web\/index.php\/wp-json\/wp\/v2\/posts\/21439"}],"collection":[{"href":"https:\/\/diariorepublica.com.ar\/web\/index.php\/wp-json\/wp\/v2\/posts"}],"about":[{"href":"https:\/\/diariorepublica.com.ar\/web\/index.php\/wp-json\/wp\/v2\/types\/post"}],"author":[{"embeddable":true,"href":"https:\/\/diariorepublica.com.ar\/web\/index.php\/wp-json\/wp\/v2\/users\/1"}],"replies":[{"embeddable":true,"href":"https:\/\/diariorepublica.com.ar\/web\/index.php\/wp-json\/wp\/v2\/comments?post=21439"}],"version-history":[{"count":1,"href":"https:\/\/diariorepublica.com.ar\/web\/index.php\/wp-json\/wp\/v2\/posts\/21439\/revisions"}],"predecessor-version":[{"id":21441,"href":"https:\/\/diariorepublica.com.ar\/web\/index.php\/wp-json\/wp\/v2\/posts\/21439\/revisions\/21441"}],"wp:featuredmedia":[{"embeddable":true,"href":"https:\/\/diariorepublica.com.ar\/web\/index.php\/wp-json\/wp\/v2\/media\/21440"}],"wp:attachment":[{"href":"https:\/\/diariorepublica.com.ar\/web\/index.php\/wp-json\/wp\/v2\/media?parent=21439"}],"wp:term":[{"taxonomy":"category","embeddable":true,"href":"https:\/\/diariorepublica.com.ar\/web\/index.php\/wp-json\/wp\/v2\/categories?post=21439"},{"taxonomy":"post_tag","embeddable":true,"href":"https:\/\/diariorepublica.com.ar\/web\/index.php\/wp-json\/wp\/v2\/tags?post=21439"}],"curies":[{"name":"wp","href":"https:\/\/api.w.org\/{rel}","templated":true}]}}