{"id":21457,"date":"2025-01-21T06:27:00","date_gmt":"2025-01-21T09:27:00","guid":{"rendered":"https:\/\/diariorepublica.com.ar\/web\/?p=21457"},"modified":"2025-01-21T08:32:47","modified_gmt":"2025-01-21T11:32:47","slug":"luciana-rompio-en-llanto-al-ver-a-su-mama-en-el-primer-congelados-de-gran-hermano","status":"publish","type":"post","link":"https:\/\/diariorepublica.com.ar\/web\/index.php\/espectaculos\/2025\/01\/21\/luciana-rompio-en-llanto-al-ver-a-su-mama-en-el-primer-congelados-de-gran-hermano\/","title":{"rendered":"Luciana rompi\u00f3 en llanto al ver a su mam\u00e1 en el primer Congelados de Gran Hermano"},"content":{"rendered":"<article class=\"article-body first\">\n<div class=\"article-content\">\n<div class=\"news-body-paragraph\">\n<p>Este lunes, en<strong>\u00a0Gran Hermano 2024<\/strong>\u00a0(Telefe), se hizo el primer Congelados de la temporada con el ingreso de Martha, la mam\u00e1 de\u00a0<strong>Luciana Mart\u00ednez.<\/strong><\/p>\n<\/div>\n<\/div>\n<\/article>\n<article class=\"article-body\">\n<div class=\"article-content\">\n<div class=\"news-body-paragraph\">\n<p>Los familiares de la participante trans se enteraron de su identidad de g\u00e9nero cuando entr\u00f3 a la casa m\u00e1s famosa del pa\u00eds. Por lo tanto, el reencuentro entre Luciana y su mam\u00e1 era uno de los m\u00e1s esperados.<\/p>\n<p>Minutos antes de las 23.30, son\u00f3 la alarma y los jugadores tuvieron que quedarse quietos. A trav\u00e9s de la puerta giratoria, ingres\u00f3 Martha y Luciana se emocion\u00f3 con todo su cuerpo.<\/p>\n<p><em>\u00abSiempre te dije que te quiero, hija. Toda la vida. Nunca te abandon\u00e9, hija<strong>. Y no te voy a abandonar, hija m\u00eda<\/strong>\u00ab<\/em>, expres\u00f3 Martha mientras abrazaba a su hija.<\/p>\n<div id=\"embed70_wrap\" class=\"embed_cont type_freetext\" contenteditable=\"false\">\n<div id=\"embed70_content\" class=\"embed_content\">\n<div id=\"embed70_embed\">\n<div><iframe loading=\"lazy\" title=\"Dailymotion video player \u2013 Luciana rompi\u00f3 en llanto al reencontrarse con su mam\u00e1 en el Congelados de Gran Hermano 2024\" src=\"https:\/\/geo.dailymotion.com\/player\/xx206.html?video=x9cqjs2\" width=\"100%\" height=\"100%\" frameborder=\"0\" allowfullscreen=\"allowfullscreen\" data-td-src-property=\"https:\/\/geo.dailymotion.com\/player\/xx206.html?video=x9cqjs2\" data-gtm-yt-inspected-11=\"true\" data-mce-fragment=\"1\"><\/iframe><\/div>\n<\/div>\n<\/div>\n<div id=\"embed70_epigrafe\" class=\"embed_epigrafe\">\u00a0<\/div>\n<\/div>\n<p>primiciasya.com<\/p>\n<\/div>\n<\/div>\n<\/article>\n\n\n<p><\/p>\n","protected":false},"excerpt":{"rendered":"<p>Este lunes, en\u00a0Gran Hermano 2024\u00a0(Telefe), se hizo el primer Congelados de la temporada con el ingreso de Martha, la mam\u00e1<\/p>\n","protected":false},"author":1,"featured_media":21458,"comment_status":"closed","ping_status":"closed","sticky":false,"template":"","format":"standard","meta":{"footnotes":"","jetpack_publicize_message":"","jetpack_publicize_feature_enabled":true,"jetpack_social_post_already_shared":true,"jetpack_social_options":{"image_generator_settings":{"template":"highway","enabled":false},"version":2}},"categories":[7],"tags":[],"class_list":["post-21457","post","type-post","status-publish","format-standard","has-post-thumbnail","hentry","category-espectaculos"],"jetpack_publicize_connections":[],"_links":{"self":[{"href":"https:\/\/diariorepublica.com.ar\/web\/index.php\/wp-json\/wp\/v2\/posts\/21457"}],"collection":[{"href":"https:\/\/diariorepublica.com.ar\/web\/index.php\/wp-json\/wp\/v2\/posts"}],"about":[{"href":"https:\/\/diariorepublica.com.ar\/web\/index.php\/wp-json\/wp\/v2\/types\/post"}],"author":[{"embeddable":true,"href":"https:\/\/diariorepublica.com.ar\/web\/index.php\/wp-json\/wp\/v2\/users\/1"}],"replies":[{"embeddable":true,"href":"https:\/\/diariorepublica.com.ar\/web\/index.php\/wp-json\/wp\/v2\/comments?post=21457"}],"version-history":[{"count":1,"href":"https:\/\/diariorepublica.com.ar\/web\/index.php\/wp-json\/wp\/v2\/posts\/21457\/revisions"}],"predecessor-version":[{"id":21459,"href":"https:\/\/diariorepublica.com.ar\/web\/index.php\/wp-json\/wp\/v2\/posts\/21457\/revisions\/21459"}],"wp:featuredmedia":[{"embeddable":true,"href":"https:\/\/diariorepublica.com.ar\/web\/index.php\/wp-json\/wp\/v2\/media\/21458"}],"wp:attachment":[{"href":"https:\/\/diariorepublica.com.ar\/web\/index.php\/wp-json\/wp\/v2\/media?parent=21457"}],"wp:term":[{"taxonomy":"category","embeddable":true,"href":"https:\/\/diariorepublica.com.ar\/web\/index.php\/wp-json\/wp\/v2\/categories?post=21457"},{"taxonomy":"post_tag","embeddable":true,"href":"https:\/\/diariorepublica.com.ar\/web\/index.php\/wp-json\/wp\/v2\/tags?post=21457"}],"curies":[{"name":"wp","href":"https:\/\/api.w.org\/{rel}","templated":true}]}}