{"id":21460,"date":"2025-01-21T08:37:58","date_gmt":"2025-01-21T11:37:58","guid":{"rendered":"https:\/\/diariorepublica.com.ar\/web\/?p=21460"},"modified":"2025-01-21T08:38:01","modified_gmt":"2025-01-21T11:38:01","slug":"tras-asistir-a-la-asuncion-de-trump-milei-se-prepara-para-participar-del-foro-de-davos","status":"publish","type":"post","link":"https:\/\/diariorepublica.com.ar\/web\/index.php\/politica\/2025\/01\/21\/tras-asistir-a-la-asuncion-de-trump-milei-se-prepara-para-participar-del-foro-de-davos\/","title":{"rendered":"Tras asistir a la asunci\u00f3n de Trump, Milei se prepara para participar del Foro de Davos"},"content":{"rendered":"<p>Tras asistir a la asunci\u00f3n de Donald Trump al frente de la Casa Banca, el presidente Javier Milei se prepara para participar del Foro de Davos. El Presidente redoblar\u00e1 las cr\u00edticas contra la Agenda 2030 y el \u00absocialismo\u00bb.<\/p>\n<p>Milei partir\u00e1 a las 22.00 en vuelo especial del presidente hacia Zurich para participar del Foro Econ\u00f3mico Mundial en Davos, donde llegar\u00e1 a las 06.00 del mi\u00e9rcoles. A las 13.00 de ese d\u00eda ser\u00e1 entrevistado por la\u00a0Agencia de Noticias\u00a0<em>Bloomberg,<\/em>\u00a0mientras que el jueves a las 06.15 dar\u00e1 un discurso de 30 minutos en el Foro.<\/p>\n<p>TN<\/p>\n","protected":false},"excerpt":{"rendered":"<p>Tras asistir a la asunci\u00f3n de Donald Trump al frente de la Casa Banca, el presidente Javier Milei se prepara<\/p>\n","protected":false},"author":1,"featured_media":21461,"comment_status":"closed","ping_status":"closed","sticky":false,"template":"","format":"standard","meta":{"footnotes":"","jetpack_publicize_message":"","jetpack_publicize_feature_enabled":true,"jetpack_social_post_already_shared":true,"jetpack_social_options":{"image_generator_settings":{"template":"highway","enabled":false},"version":2}},"categories":[12],"tags":[],"class_list":["post-21460","post","type-post","status-publish","format-standard","has-post-thumbnail","hentry","category-politica"],"jetpack_publicize_connections":[],"_links":{"self":[{"href":"https:\/\/diariorepublica.com.ar\/web\/index.php\/wp-json\/wp\/v2\/posts\/21460"}],"collection":[{"href":"https:\/\/diariorepublica.com.ar\/web\/index.php\/wp-json\/wp\/v2\/posts"}],"about":[{"href":"https:\/\/diariorepublica.com.ar\/web\/index.php\/wp-json\/wp\/v2\/types\/post"}],"author":[{"embeddable":true,"href":"https:\/\/diariorepublica.com.ar\/web\/index.php\/wp-json\/wp\/v2\/users\/1"}],"replies":[{"embeddable":true,"href":"https:\/\/diariorepublica.com.ar\/web\/index.php\/wp-json\/wp\/v2\/comments?post=21460"}],"version-history":[{"count":1,"href":"https:\/\/diariorepublica.com.ar\/web\/index.php\/wp-json\/wp\/v2\/posts\/21460\/revisions"}],"predecessor-version":[{"id":21462,"href":"https:\/\/diariorepublica.com.ar\/web\/index.php\/wp-json\/wp\/v2\/posts\/21460\/revisions\/21462"}],"wp:featuredmedia":[{"embeddable":true,"href":"https:\/\/diariorepublica.com.ar\/web\/index.php\/wp-json\/wp\/v2\/media\/21461"}],"wp:attachment":[{"href":"https:\/\/diariorepublica.com.ar\/web\/index.php\/wp-json\/wp\/v2\/media?parent=21460"}],"wp:term":[{"taxonomy":"category","embeddable":true,"href":"https:\/\/diariorepublica.com.ar\/web\/index.php\/wp-json\/wp\/v2\/categories?post=21460"},{"taxonomy":"post_tag","embeddable":true,"href":"https:\/\/diariorepublica.com.ar\/web\/index.php\/wp-json\/wp\/v2\/tags?post=21460"}],"curies":[{"name":"wp","href":"https:\/\/api.w.org\/{rel}","templated":true}]}}