{"id":21463,"date":"2025-01-21T09:38:00","date_gmt":"2025-01-21T12:38:00","guid":{"rendered":"https:\/\/diariorepublica.com.ar\/web\/?p=21463"},"modified":"2025-01-21T08:39:51","modified_gmt":"2025-01-21T11:39:51","slug":"el-gobierno-flexibiliza-la-ley-de-etiquetado-frontal-y-varios-alimentos-perderan-sellos-negros","status":"publish","type":"post","link":"https:\/\/diariorepublica.com.ar\/web\/index.php\/nacionales\/2025\/01\/21\/el-gobierno-flexibiliza-la-ley-de-etiquetado-frontal-y-varios-alimentos-perderan-sellos-negros\/","title":{"rendered":"El Gobierno flexibiliza la Ley de Etiquetado Frontal y varios alimentos perder\u00e1n sellos negros"},"content":{"rendered":"<p>El cambio clave radica en que, para determinar el exceso de grasas, az\u00facar o sodio en los alimentos, ya no se considerar\u00e1n los nutrientes intr\u00ednsecos del producto, sino \u00fanicamente los que se agreguen durante su elaboraci\u00f3n.<\/p>\n<p>Estas modificaciones buscan brindar mayor flexibilidad en las etiquetas y en la publicidad, lo que permitir\u00e1 que muchos productos pierdan los oct\u00f3gonos negros o dejen de exhibirlos por completo.<\/p>\n<p>Estas medidas comenzar\u00e1n a reflejarse en las g\u00f3ndolas entre finales de febrero y principios de abril, una vez que se agoten los envases con las etiquetas actuales.<\/p>\n<p>Mientras las empresas ajustan los c\u00e1lculos para adaptarse a los cambios, ya se conocen algunos alimentos que pr\u00f3ximamente aparecer\u00e1n sin sellos negros.<\/p>\n<p>\u2022 Quesos: la mayor\u00eda solo conservar\u00e1 el sello de exceso de sodio.<\/p>\n<p>\u2022 Yogures: dejar\u00e1n de tener el aviso por sodio y podr\u00e1n destacar nutrientes adicionados, como calcio.<\/p>\n<p>\u2022 Mermeladas: ya no tendr\u00e1n el oct\u00f3gono de exceso de az\u00facar, dado que esta es propia de la fruta.<\/p>\n<p>\u2022 Aceitunas: perder\u00e1n el sello de grasas y solo mantendr\u00e1n el de sodio debido a la salmuera.<\/p>\n<p>\u2022 Jugos de frutas: algunos productos con az\u00facar a\u00f1adida para conservaci\u00f3n dejar\u00e1n de exhibir sellos, ya que solo se considerar\u00e1 ese az\u00facar agregado.<\/p>\n<p>\u2022 Jam\u00f3n: si no se adiciona m\u00e1s grasa, perder\u00e1 ese sello y podr\u00eda quedar solo el de sodio.<\/p>\n<p>\u2022 Barritas de frutos secos: si no contienen aceites o grasas agregadas durante su elaboraci\u00f3n, tambi\u00e9n perder\u00e1n los oct\u00f3gonos.<\/p>\n","protected":false},"excerpt":{"rendered":"<p>El cambio clave radica en que, para determinar el exceso de grasas, az\u00facar o sodio en los alimentos, ya no<\/p>\n","protected":false},"author":1,"featured_media":21464,"comment_status":"closed","ping_status":"closed","sticky":false,"template":"","format":"standard","meta":{"footnotes":"","jetpack_publicize_message":"","jetpack_publicize_feature_enabled":true,"jetpack_social_post_already_shared":true,"jetpack_social_options":{"image_generator_settings":{"template":"highway","enabled":false},"version":2}},"categories":[4],"tags":[],"class_list":["post-21463","post","type-post","status-publish","format-standard","has-post-thumbnail","hentry","category-nacionales"],"jetpack_publicize_connections":[],"_links":{"self":[{"href":"https:\/\/diariorepublica.com.ar\/web\/index.php\/wp-json\/wp\/v2\/posts\/21463"}],"collection":[{"href":"https:\/\/diariorepublica.com.ar\/web\/index.php\/wp-json\/wp\/v2\/posts"}],"about":[{"href":"https:\/\/diariorepublica.com.ar\/web\/index.php\/wp-json\/wp\/v2\/types\/post"}],"author":[{"embeddable":true,"href":"https:\/\/diariorepublica.com.ar\/web\/index.php\/wp-json\/wp\/v2\/users\/1"}],"replies":[{"embeddable":true,"href":"https:\/\/diariorepublica.com.ar\/web\/index.php\/wp-json\/wp\/v2\/comments?post=21463"}],"version-history":[{"count":1,"href":"https:\/\/diariorepublica.com.ar\/web\/index.php\/wp-json\/wp\/v2\/posts\/21463\/revisions"}],"predecessor-version":[{"id":21465,"href":"https:\/\/diariorepublica.com.ar\/web\/index.php\/wp-json\/wp\/v2\/posts\/21463\/revisions\/21465"}],"wp:featuredmedia":[{"embeddable":true,"href":"https:\/\/diariorepublica.com.ar\/web\/index.php\/wp-json\/wp\/v2\/media\/21464"}],"wp:attachment":[{"href":"https:\/\/diariorepublica.com.ar\/web\/index.php\/wp-json\/wp\/v2\/media?parent=21463"}],"wp:term":[{"taxonomy":"category","embeddable":true,"href":"https:\/\/diariorepublica.com.ar\/web\/index.php\/wp-json\/wp\/v2\/categories?post=21463"},{"taxonomy":"post_tag","embeddable":true,"href":"https:\/\/diariorepublica.com.ar\/web\/index.php\/wp-json\/wp\/v2\/tags?post=21463"}],"curies":[{"name":"wp","href":"https:\/\/api.w.org\/{rel}","templated":true}]}}