{"id":21472,"date":"2025-01-21T07:38:00","date_gmt":"2025-01-21T10:38:00","guid":{"rendered":"https:\/\/diariorepublica.com.ar\/web\/?p=21472"},"modified":"2025-01-21T10:40:05","modified_gmt":"2025-01-21T13:40:05","slug":"donald-trump-firmo-sus-primeras-ordenes-ejecutivas-salida-del-acuerdo-de-paris-y-derogacion-de-78-decretos-de-joe-biden","status":"publish","type":"post","link":"https:\/\/diariorepublica.com.ar\/web\/index.php\/internacionales\/2025\/01\/21\/donald-trump-firmo-sus-primeras-ordenes-ejecutivas-salida-del-acuerdo-de-paris-y-derogacion-de-78-decretos-de-joe-biden\/","title":{"rendered":"Donald Trump firm\u00f3 sus primeras \u00f3rdenes ejecutivas:\u00a0salida del Acuerdo de Par\u00eds y derogaci\u00f3n de 78 decretos de Joe Biden"},"content":{"rendered":"<p>Donald Trump asumi\u00f3 nuevamente la presidencia de Estados Unidos este lunes 20 de enero, convirti\u00e9ndose en el 47\u00b0 mandatario del pa\u00eds producto de su triunfo ante Kamala Harris en las elecciones del 5 de noviembre. Desde el interior del Capitolio, el l\u00edder republicano tom\u00f3 la posta que abandona Joe Biden en medio de una ceremonia fiel a su estilo: lujo, tradici\u00f3n, espect\u00e1culo y sorpresas.<\/p>\n<p>En sus primeros movimientos, el presidente electo realiz\u00f3 las siguientes modificaciones:<\/p>\n<ul>\n<li>Anul\u00f3 la orden de la Administraci\u00f3n Biden que elimin\u00f3 a Cuba en la lista de patrocinadores del terrorismo.<\/li>\n<li>Firm\u00f3 indultos para 1.500 personas relacionadas con el ataque al Capitolio en enero de 2021<\/li>\n<li>Firm\u00f3 la orden que designa a los c\u00e1rteles como grupos terroristas.<\/li>\n<\/ul>\n<div class=\"flex flex-col sm:flex-row items-start mb-1 group-last:before:hidden before:absolute before:left-2 sm:before:left-0 before:h-full before:px-px before:bg-slate-300 before:self-start before:-translate-x-1\/2 before:translate-y-3 after:absolute after:left-2 sm:after:left-0 after:w-2 after:h-2 after:bg-blue-600 after:border-4 after:box-content after:border-slate-50 after:rounded-full after:-translate-x-1\/2 after:translate-y-1.5\">\n<p>Donald Trump firm\u00f3 una serie de \u00f3rdenes ejecutivas<\/p>\n<\/div>\n<div>\n<ul>\n<li>La primera es una orden que impide nuevas regulaciones hasta que controle el Gobierno en su totalidad.<\/li>\n<li>La segunda es la congelaci\u00f3n de todas las contrataciones federales.<\/li>\n<li>La tercera anul\u00f3 78 de las acciones ejecutivas de Biden.<\/li>\n<li>Luego, firm\u00f3 una orden que obliga a los trabajadores federales a volver a la oficina cinco d\u00edas a la semana.<\/li>\n<li>Adem\u00e1s, firm\u00f3 la orden por la que se retira del tratado clim\u00e1tico de Par\u00eds.<\/li>\n<\/ul>\n<\/div>\n","protected":false},"excerpt":{"rendered":"<p>Donald Trump asumi\u00f3 nuevamente la presidencia de Estados Unidos este lunes 20 de enero, convirti\u00e9ndose en el 47\u00b0 mandatario del<\/p>\n","protected":false},"author":1,"featured_media":21473,"comment_status":"closed","ping_status":"closed","sticky":false,"template":"","format":"standard","meta":{"footnotes":"","jetpack_publicize_message":"","jetpack_publicize_feature_enabled":true,"jetpack_social_post_already_shared":true,"jetpack_social_options":{"image_generator_settings":{"template":"highway","enabled":false},"version":2}},"categories":[6],"tags":[],"class_list":["post-21472","post","type-post","status-publish","format-standard","has-post-thumbnail","hentry","category-internacionales"],"jetpack_publicize_connections":[],"_links":{"self":[{"href":"https:\/\/diariorepublica.com.ar\/web\/index.php\/wp-json\/wp\/v2\/posts\/21472"}],"collection":[{"href":"https:\/\/diariorepublica.com.ar\/web\/index.php\/wp-json\/wp\/v2\/posts"}],"about":[{"href":"https:\/\/diariorepublica.com.ar\/web\/index.php\/wp-json\/wp\/v2\/types\/post"}],"author":[{"embeddable":true,"href":"https:\/\/diariorepublica.com.ar\/web\/index.php\/wp-json\/wp\/v2\/users\/1"}],"replies":[{"embeddable":true,"href":"https:\/\/diariorepublica.com.ar\/web\/index.php\/wp-json\/wp\/v2\/comments?post=21472"}],"version-history":[{"count":1,"href":"https:\/\/diariorepublica.com.ar\/web\/index.php\/wp-json\/wp\/v2\/posts\/21472\/revisions"}],"predecessor-version":[{"id":21474,"href":"https:\/\/diariorepublica.com.ar\/web\/index.php\/wp-json\/wp\/v2\/posts\/21472\/revisions\/21474"}],"wp:featuredmedia":[{"embeddable":true,"href":"https:\/\/diariorepublica.com.ar\/web\/index.php\/wp-json\/wp\/v2\/media\/21473"}],"wp:attachment":[{"href":"https:\/\/diariorepublica.com.ar\/web\/index.php\/wp-json\/wp\/v2\/media?parent=21472"}],"wp:term":[{"taxonomy":"category","embeddable":true,"href":"https:\/\/diariorepublica.com.ar\/web\/index.php\/wp-json\/wp\/v2\/categories?post=21472"},{"taxonomy":"post_tag","embeddable":true,"href":"https:\/\/diariorepublica.com.ar\/web\/index.php\/wp-json\/wp\/v2\/tags?post=21472"}],"curies":[{"name":"wp","href":"https:\/\/api.w.org\/{rel}","templated":true}]}}