{"id":21505,"date":"2025-01-22T09:28:40","date_gmt":"2025-01-22T12:28:40","guid":{"rendered":"https:\/\/diariorepublica.com.ar\/web\/?p=21505"},"modified":"2025-01-22T09:28:42","modified_gmt":"2025-01-22T12:28:42","slug":"rodrigo-battaglia-fue-presentado-en-boca","status":"publish","type":"post","link":"https:\/\/diariorepublica.com.ar\/web\/index.php\/deportes\/2025\/01\/22\/rodrigo-battaglia-fue-presentado-en-boca\/","title":{"rendered":"Rodrigo Battaglia fue presentado en Boca"},"content":{"rendered":"<p>Boca hizo oficial la llegada del defensor central Rodrigo Battaglia como nuevo refuerzo, procedente del Atl\u00e9tico Mineiro de Brasil.<\/p>\n<p>El elenco xeneize public\u00f3 en sus redes sociales una imagen del futbolista de 33 a\u00f1os y escribi\u00f3: \u201c\u00a1Bienvenido a Boca, Rodri!\u201d, en la descripci\u00f3n de la publicaci\u00f3n.<\/p>\n<figure class=\"multimedia\" data-type=\"rich\" data-html=\"\" data-url=\"https:\/\/twitter.com\/BocaJrsOficial\/status\/1881859393953911161\" data-tadevel-template=\"web\/multimedia\">\n<div class=\"content\"><iframe src=\"https:\/\/alpha-app.tadevel-cdn.com\/hostname\/noticiasargentinas.com\/api\/v1\/sandbox\/PGJsb2NrcXVvdGUgY2xhc3M9InR3aXR0ZXItdHdlZXQiPjxwIGxhbmc9ImVzIiBkaXI9Imx0ciI%2BwqFCaWVudmVuaWRvIGEgQm9jYSwgUm9kcmkhIPCfkpnwn5Kb8J%2BSmSA8YSBocmVmPSJodHRwczovL3QuY28vU2RFQkNPdm0xSyI%2BcGljLnR3aXR0ZXIuY29tL1NkRUJDT3ZtMUs8L2E%2BPC9wPiZtZGFzaDsgQm9jYSBKdW5pb3JzIChAQm9jYUpyc09maWNpYWwpIDxhIGhyZWY9Imh0dHBzOi8vdHdpdHRlci5jb20vQm9jYUpyc09maWNpYWwvc3RhdHVzLzE4ODE4NTkzOTM5NTM5MTExNjE%2FcmVmX3NyYz10d3NyYyU1RXRmdyI%2BSmFudWFyeSAyMiwgMjAyNTwvYT48L2Jsb2NrcXVvdGU%2BCjxzY3JpcHQgYXN5bmMgc3JjPSJodHRwczovL3BsYXRmb3JtLnR3aXR0ZXIuY29tL3dpZGdldHMuanMiIGNoYXJzZXQ9InV0Zi04Ij48L3NjcmlwdD4KCg%3D%3D?v=be9e16da37cdd56a8326c665f204bb55&amp;s=91d15a3cdea626cd858d8941e5729ef0\" scrolling=\"no\" sandbox=\"allow-scripts allow-forms allow-same-origin allow-popups allow-popups-to-escape-sandbox\" data-mce-fragment=\"1\"><\/iframe><\/div><figcaption class=\"caption\">\n<div class=\"description\">X de Boca Juniors<\/div>\n<div class=\"attribution\"><\/div>\n<\/figcaption><\/figure>\n<p>Adem\u00e1s, comparti\u00f3 videos del jugador conociendo a sus nuevos compa\u00f1eros y realizando la revisi\u00f3n m\u00e9dica.<\/p>\n<figure class=\"multimedia\" data-type=\"rich\" data-html=\"\" data-url=\"https:\/\/www.instagram.com\/p\/DFG6svFPNEY\" data-tadevel-template=\"web\/multimedia\">\n<div class=\"content\"><iframe src=\"https:\/\/alpha-app.tadevel-cdn.com\/hostname\/noticiasargentinas.com\/api\/v1\/sandbox\/PGJsb2NrcXVvdGUgY2xhc3M9Imluc3RhZ3JhbS1tZWRpYSIgZGF0YS1pbnN0Z3JtLXBlcm1hbGluaz0iaHR0cHM6Ly93d3cuaW5zdGFncmFtLmNvbS9yZWVsL0RGRzZzdkZQTkVZLz91dG1fc291cmNlPWlnX2VtYmVkJnV0bV9jYW1wYWlnbj1sb2FkaW5nIiBkYXRhLWluc3Rncm0tdmVyc2lvbj0iMTQiIHN0eWxlPSIgYmFja2dyb3VuZDojRkZGOyBib3JkZXI6MDsgYm9yZGVyLXJhZGl1czozcHg7IGJveC1zaGFkb3c6MCAwIDFweCAwIHJnYmEoMCwwLDAsMC41KSwwIDFweCAxMHB4IDAgcmdiYSgwLDAsMCwwLjE1KTsgbWFyZ2luOiAxcHg7IG1heC13aWR0aDo2NThweDsgbWluLXdpZHRoOjMyNnB4OyBwYWRkaW5nOjA7IHdpZHRoOjk5LjM3NSU7IHdpZHRoOi13ZWJraXQtY2FsYygxMDAlIC0gMnB4KTsgd2lkdGg6Y2FsYygxMDAlIC0gMnB4KTsiPjwvYmxvY2txdW90ZT4KPHNjcmlwdCBhc3luYyBzcmM9Imh0dHBzOi8vd3d3Lmluc3RhZ3JhbS5jb20vZW1iZWQuanMiPjwvc2NyaXB0Pg%3D%3D?v=d8be53a08aba4cb140940d96863be826&amp;s=756d7d218587469887c52c0d77d913b8\" scrolling=\"no\" sandbox=\"allow-scripts allow-forms allow-same-origin allow-popups allow-popups-to-escape-sandbox\" data-mce-fragment=\"1\"><\/iframe><\/div><figcaption class=\"caption\">\n<div class=\"description\">Boca Juniors on Instagram: \u00ab\u00a1Todo \u2611\ufe0f por ac\u00e1!\u00bb<\/div>\n<div class=\"attribution\"><\/div>\n<\/figcaption><\/figure>\n<p>Por otro lado, el volante convertido a defensor central resign\u00f3 una deuda que el conjunto brasile\u00f1o manten\u00eda con el estamp\u00f3 su firma por las pr\u00f3ximas tres temporadas con el conjunto azul y oro, con el que ya entren\u00f3 bajo el mando de Fernando Gago, desde el 13 de enero que arrib\u00f3 al pa\u00eds.<\/p>\n<p>Luego de pasar los ex\u00e1menes m\u00e9dicos correspondientes, Battaglia hab\u00eda se\u00f1alado: \u201cEstoy contento porque es un lindo paso en mi carrera. Y agreg\u00f3: Estoy muy feliz de estar ac\u00e1. Nos vemos pronto\u00bb, dirigi\u00e9ndose al hincha del cuadro de La Ribera.<\/p>\n<p>Asimismo, destac\u00f3 su admiraci\u00f3n por quien ahora es su nuevo director t\u00e9cnico, \u201cPintita\u201d.<\/p>\n<p>\u00abA lo largo de mi carrera, Fernando fue un espejo para m\u00ed. Lo admiro mucho y estoy contento de que sea mi entrenador\u201d, exclam\u00f3 el zaguero.<\/p>\n<p>Boca enfrentar\u00e1 a Argentino Monte Ma\u00edz este mi\u00e9rcoles desde las 21:30 horas, en el que ser\u00e1 el debut del cuadro azul y oro en la Copa Argentina y en la temporada 2025 oficialmente.<\/p>\n<p>Luego, recibir\u00e1 a Argentinos Juniors el domingo 26 de enero, desde las 19:00 horas en La Bombonera.<\/p>\n<p>NA<\/p>\n","protected":false},"excerpt":{"rendered":"<p>Boca hizo oficial la llegada del defensor central Rodrigo Battaglia como nuevo refuerzo, procedente del Atl\u00e9tico Mineiro de Brasil. El<\/p>\n","protected":false},"author":1,"featured_media":21506,"comment_status":"closed","ping_status":"closed","sticky":false,"template":"","format":"standard","meta":{"footnotes":"","jetpack_publicize_message":"","jetpack_publicize_feature_enabled":true,"jetpack_social_post_already_shared":true,"jetpack_social_options":{"image_generator_settings":{"template":"highway","enabled":false},"version":2}},"categories":[9],"tags":[],"class_list":["post-21505","post","type-post","status-publish","format-standard","has-post-thumbnail","hentry","category-deportes"],"jetpack_publicize_connections":[],"_links":{"self":[{"href":"https:\/\/diariorepublica.com.ar\/web\/index.php\/wp-json\/wp\/v2\/posts\/21505"}],"collection":[{"href":"https:\/\/diariorepublica.com.ar\/web\/index.php\/wp-json\/wp\/v2\/posts"}],"about":[{"href":"https:\/\/diariorepublica.com.ar\/web\/index.php\/wp-json\/wp\/v2\/types\/post"}],"author":[{"embeddable":true,"href":"https:\/\/diariorepublica.com.ar\/web\/index.php\/wp-json\/wp\/v2\/users\/1"}],"replies":[{"embeddable":true,"href":"https:\/\/diariorepublica.com.ar\/web\/index.php\/wp-json\/wp\/v2\/comments?post=21505"}],"version-history":[{"count":1,"href":"https:\/\/diariorepublica.com.ar\/web\/index.php\/wp-json\/wp\/v2\/posts\/21505\/revisions"}],"predecessor-version":[{"id":21507,"href":"https:\/\/diariorepublica.com.ar\/web\/index.php\/wp-json\/wp\/v2\/posts\/21505\/revisions\/21507"}],"wp:featuredmedia":[{"embeddable":true,"href":"https:\/\/diariorepublica.com.ar\/web\/index.php\/wp-json\/wp\/v2\/media\/21506"}],"wp:attachment":[{"href":"https:\/\/diariorepublica.com.ar\/web\/index.php\/wp-json\/wp\/v2\/media?parent=21505"}],"wp:term":[{"taxonomy":"category","embeddable":true,"href":"https:\/\/diariorepublica.com.ar\/web\/index.php\/wp-json\/wp\/v2\/categories?post=21505"},{"taxonomy":"post_tag","embeddable":true,"href":"https:\/\/diariorepublica.com.ar\/web\/index.php\/wp-json\/wp\/v2\/tags?post=21505"}],"curies":[{"name":"wp","href":"https:\/\/api.w.org\/{rel}","templated":true}]}}