{"id":21531,"date":"2025-01-23T00:32:00","date_gmt":"2025-01-23T03:32:00","guid":{"rendered":"https:\/\/diariorepublica.com.ar\/web\/?p=21531"},"modified":"2025-01-23T09:35:36","modified_gmt":"2025-01-23T12:35:36","slug":"demoraron-a-morena-rial-en-un-confuso-episodio","status":"publish","type":"post","link":"https:\/\/diariorepublica.com.ar\/web\/index.php\/nacionales\/2025\/01\/23\/demoraron-a-morena-rial-en-un-confuso-episodio\/","title":{"rendered":"Demoraron a Morena Rial en un confuso episodio"},"content":{"rendered":"<p><strong>Morena Rial,<\/strong>\u00a0hija del periodista Jorge Rial,<strong>\u00a0fue demorada hoy en la localidad bonaerense de\u00a0Mart\u00ednez,<\/strong>\u00a0cuando circulaba en un veh\u00edculo que ten\u00eda pedido de captura.<\/p>\n<p>El video fue difundo esta noche en el canal Am\u00e9rica, en el cual se observa cuando los efectivos escoltan a la joven a un m\u00f3vil policial.<\/p>\n<p><strong>Por su parte, el periodista Angel De Brito se\u00f1al\u00f3 al respecto: \u00abParece que las personas que iban en el auto hab\u00edan entrado a robar una casa. Por eso las polic\u00eda los persigui\u00f3 y los detuvo\u00bb.<\/strong><\/p>\n<p>El hecho se produjo en\u00a0<strong>Mart\u00ednez,<\/strong>\u00a0en el norte del conurbano, cuando\u00a0<strong>Rial\u00a0<\/strong>se desplazaba junto a otras personas en un auto, el cual fue interceptado por los agentes en en control de rutina.<\/p>\n<p>La joven, de 26 a\u00f1os, fue derivada a una dependencia policial cercana, donde aguardar\u00e1 la resoluci\u00f3n de las autoridades.<\/p>\n","protected":false},"excerpt":{"rendered":"<p>Morena Rial,\u00a0hija del periodista Jorge Rial,\u00a0fue demorada hoy en la localidad bonaerense de\u00a0Mart\u00ednez,\u00a0cuando circulaba en un veh\u00edculo que ten\u00eda pedido<\/p>\n","protected":false},"author":1,"featured_media":21532,"comment_status":"closed","ping_status":"closed","sticky":false,"template":"","format":"standard","meta":{"footnotes":"","jetpack_publicize_message":"","jetpack_publicize_feature_enabled":true,"jetpack_social_post_already_shared":true,"jetpack_social_options":{"image_generator_settings":{"template":"highway","enabled":false},"version":2}},"categories":[4],"tags":[],"class_list":["post-21531","post","type-post","status-publish","format-standard","has-post-thumbnail","hentry","category-nacionales"],"jetpack_publicize_connections":[],"_links":{"self":[{"href":"https:\/\/diariorepublica.com.ar\/web\/index.php\/wp-json\/wp\/v2\/posts\/21531"}],"collection":[{"href":"https:\/\/diariorepublica.com.ar\/web\/index.php\/wp-json\/wp\/v2\/posts"}],"about":[{"href":"https:\/\/diariorepublica.com.ar\/web\/index.php\/wp-json\/wp\/v2\/types\/post"}],"author":[{"embeddable":true,"href":"https:\/\/diariorepublica.com.ar\/web\/index.php\/wp-json\/wp\/v2\/users\/1"}],"replies":[{"embeddable":true,"href":"https:\/\/diariorepublica.com.ar\/web\/index.php\/wp-json\/wp\/v2\/comments?post=21531"}],"version-history":[{"count":1,"href":"https:\/\/diariorepublica.com.ar\/web\/index.php\/wp-json\/wp\/v2\/posts\/21531\/revisions"}],"predecessor-version":[{"id":21533,"href":"https:\/\/diariorepublica.com.ar\/web\/index.php\/wp-json\/wp\/v2\/posts\/21531\/revisions\/21533"}],"wp:featuredmedia":[{"embeddable":true,"href":"https:\/\/diariorepublica.com.ar\/web\/index.php\/wp-json\/wp\/v2\/media\/21532"}],"wp:attachment":[{"href":"https:\/\/diariorepublica.com.ar\/web\/index.php\/wp-json\/wp\/v2\/media?parent=21531"}],"wp:term":[{"taxonomy":"category","embeddable":true,"href":"https:\/\/diariorepublica.com.ar\/web\/index.php\/wp-json\/wp\/v2\/categories?post=21531"},{"taxonomy":"post_tag","embeddable":true,"href":"https:\/\/diariorepublica.com.ar\/web\/index.php\/wp-json\/wp\/v2\/tags?post=21531"}],"curies":[{"name":"wp","href":"https:\/\/api.w.org\/{rel}","templated":true}]}}