{"id":21544,"date":"2025-01-24T09:15:57","date_gmt":"2025-01-24T12:15:57","guid":{"rendered":"https:\/\/diariorepublica.com.ar\/web\/?p=21544"},"modified":"2025-01-24T09:16:00","modified_gmt":"2025-01-24T12:16:00","slug":"sudamericano-2025-argentina-sub-20-vs-brasil-desde-las-2030","status":"publish","type":"post","link":"https:\/\/diariorepublica.com.ar\/web\/index.php\/deportes\/2025\/01\/24\/sudamericano-2025-argentina-sub-20-vs-brasil-desde-las-2030\/","title":{"rendered":"Sudamericano 2025: Argentina Sub 20 vs. Brasil, desde las 20:30"},"content":{"rendered":"<p>La<b>\u00a0Selecci\u00f3n Argentina Sub 20 se enfrentar\u00e1 a Brasil<\/b>\u00a0este viernes desde las 20.30, en la\u00a0<b>fecha 1 del Grupo B<\/b>\u00a0en el\u00a0<b>Sudamericano<\/b> de la categor\u00eda que se desarrolla en Venezuela. El cl\u00e1sico del continente ser\u00e1 el primer desaf\u00edo para el equipo de Diego Placente en el camino a la clasificaci\u00f3n al Mundial que se disputar\u00e1 en septiembre pr\u00f3ximo.<\/p>\n<p><b>Argentina <\/b>lleg\u00f3 a Venezuela con el objetivo de alcanzar una de las cuatro plazas que la competencia otorga para el Mundial que se llevar\u00e1 a cabo en Chile. El elenco nacional, que viene de ganarle dos encuentros amistosos a Chile tras perder el a\u00f1o pasado la final del Torneo de La Alcudia, Espa\u00f1a, integra el Grupo B junto a Brasil, Colombia, Ecuador y Bolivia.<\/p>\n<p><b>Brasil<\/b>, por su parte, tiene un buen plantel: entre los nombres m\u00e1s destacados figuran Deivid Washington (Chelsea), Gabriel Carvalho (Al-Qadsiah de Arabia Saudita) Pedrinho (Zenit de Rusia), Wesley (Al-Nassr de Arabia Saudita), Gabriel Moscardo (PSG) y Pedro Lima (Wolverhampton de la Premier League).<\/p>\n<p>Los tres primeros clasificar\u00e1n, junto a los tres mejores del Grupo A (Chile, Venezuela, Per\u00fa, Paraguay y Uruguay) al hexagonal final. La \u00faltima vez que la Albiceleste se qued\u00f3 con el Sudamericano Sub 20 fue en 2015.<\/p>\n<ul>\n<li><b>Horario:\u00a0<\/b>20.30<\/li>\n<li><b>TV:\u00a0<\/b>D Sports<\/li>\n<li><b>\u00c1rbitro:\u00a0<\/b>Derlis L\u00f3pez (PAR)<\/li>\n<li><b>Estadio:<\/b>\u00a0Polideportivo Misael Delgado, Valencia, Venezuela.<\/li>\n<\/ul>\n<p>\u00a0<\/p>\n<p><strong>C\u00f3mo sigue el fixture de Argentina Sub 20 en el Sudamericano<\/strong><\/p>\n<p>\u00a0<\/p>\n<ul>\n<li><b>Fecha 2\u00b0:\u00a0<\/b>Argentina vs. Colombia &#8211; 26\/1 (20.30 hora Argentina)<\/li>\n<li><b>Fecha 3\u00b0:\u00a0<\/b>Argentina &#8211; Bolivia &#8211; 28\/1 (18 hora Argentina)<\/li>\n<li><b>Fecha 4\u00b0:<\/b>\u00a0Ecuador- Argentina &#8211; 1\/2 (20.30 hora Argentina)<\/li>\n<\/ul>\n<p>tycsports.com<\/p>\n\n\n<p><\/p>\n","protected":false},"excerpt":{"rendered":"<p>La\u00a0Selecci\u00f3n Argentina Sub 20 se enfrentar\u00e1 a Brasil\u00a0este viernes desde las 20.30, en la\u00a0fecha 1 del Grupo B\u00a0en el\u00a0Sudamericano de<\/p>\n","protected":false},"author":1,"featured_media":21545,"comment_status":"closed","ping_status":"closed","sticky":false,"template":"","format":"standard","meta":{"footnotes":"","jetpack_publicize_message":"","jetpack_publicize_feature_enabled":true,"jetpack_social_post_already_shared":true,"jetpack_social_options":{"image_generator_settings":{"template":"highway","enabled":false},"version":2}},"categories":[9],"tags":[],"class_list":["post-21544","post","type-post","status-publish","format-standard","has-post-thumbnail","hentry","category-deportes"],"jetpack_publicize_connections":[],"_links":{"self":[{"href":"https:\/\/diariorepublica.com.ar\/web\/index.php\/wp-json\/wp\/v2\/posts\/21544"}],"collection":[{"href":"https:\/\/diariorepublica.com.ar\/web\/index.php\/wp-json\/wp\/v2\/posts"}],"about":[{"href":"https:\/\/diariorepublica.com.ar\/web\/index.php\/wp-json\/wp\/v2\/types\/post"}],"author":[{"embeddable":true,"href":"https:\/\/diariorepublica.com.ar\/web\/index.php\/wp-json\/wp\/v2\/users\/1"}],"replies":[{"embeddable":true,"href":"https:\/\/diariorepublica.com.ar\/web\/index.php\/wp-json\/wp\/v2\/comments?post=21544"}],"version-history":[{"count":1,"href":"https:\/\/diariorepublica.com.ar\/web\/index.php\/wp-json\/wp\/v2\/posts\/21544\/revisions"}],"predecessor-version":[{"id":21546,"href":"https:\/\/diariorepublica.com.ar\/web\/index.php\/wp-json\/wp\/v2\/posts\/21544\/revisions\/21546"}],"wp:featuredmedia":[{"embeddable":true,"href":"https:\/\/diariorepublica.com.ar\/web\/index.php\/wp-json\/wp\/v2\/media\/21545"}],"wp:attachment":[{"href":"https:\/\/diariorepublica.com.ar\/web\/index.php\/wp-json\/wp\/v2\/media?parent=21544"}],"wp:term":[{"taxonomy":"category","embeddable":true,"href":"https:\/\/diariorepublica.com.ar\/web\/index.php\/wp-json\/wp\/v2\/categories?post=21544"},{"taxonomy":"post_tag","embeddable":true,"href":"https:\/\/diariorepublica.com.ar\/web\/index.php\/wp-json\/wp\/v2\/tags?post=21544"}],"curies":[{"name":"wp","href":"https:\/\/api.w.org\/{rel}","templated":true}]}}