{"id":21553,"date":"2025-01-24T09:23:20","date_gmt":"2025-01-24T12:23:20","guid":{"rendered":"https:\/\/diariorepublica.com.ar\/web\/?p=21553"},"modified":"2025-01-24T09:23:22","modified_gmt":"2025-01-24T12:23:22","slug":"la-economia-volvio-a-mejorar-en-noviembre-y-registro-su-primer-aumento-interanual-en-seis-meses","status":"publish","type":"post","link":"https:\/\/diariorepublica.com.ar\/web\/index.php\/economia\/2025\/01\/24\/la-economia-volvio-a-mejorar-en-noviembre-y-registro-su-primer-aumento-interanual-en-seis-meses\/","title":{"rendered":"La econom\u00eda volvi\u00f3 a mejorar en noviembre y registr\u00f3 su primer aumento interanual en seis meses"},"content":{"rendered":"<p>La econom\u00eda registr\u00f3 en noviembre su primer crecimiento interanual en seis meses y el segundo de la era Milei. En t\u00e9rminos mensuales la actividad acumul\u00f3 siete meses al hilo sin ca\u00eddas.<\/p>\n<p>El Estimador Mensual de Actividad Econ\u00f3mica (EMAE) arroj\u00f3 una leve variaci\u00f3n positiva del 0,1% versus noviembre de 2023. De este modo, logr\u00f3 ubicarse apenas por encima del nivel heredado por la gesti\u00f3n de Alberto Fern\u00e1ndez como presidente y Sergio Massa como ministro de Econom\u00eda.<\/p>\n<p>El anterior aumento del EMAE hab\u00eda sido en mayo, pero en esa ocasi\u00f3n se hab\u00eda dado casi exclusivamente por la baja base de comparaci\u00f3n, ya que contrastaba con mayo de 2023, mes cr\u00edtico por la sequ\u00eda que sufri\u00f3 el pa\u00eds.<\/p>\n<p>Cu\u00e1les fueron los sectores que traccionaron la mejora anual en noviembre<br \/>\nEl sector que m\u00e1s traccion\u00f3 a la econom\u00eda en el ante\u00faltimo mes del a\u00f1o fue la Intermediaci\u00f3n financiera, con un alza del 9,9% interanual. Detr\u00e1s le siguieron el rubro de energ\u00eda y miner\u00eda (+7,1%) y la pesca (+164,6%), este \u00faltimo con escasa incidencia en el indicador del INDEC, pese al extraordinario salto en su producci\u00f3n.<\/p>\n<p>Las otras dos actividades que exhibieron repuntes respecto de un a\u00f1o atr\u00e1s fueron las relacionadas con las inmobiliarias y con la ense\u00f1anza.<\/p>\n<p>En el otro extremo, la construcci\u00f3n, el comercio y la industria los tres sectores con m\u00e1s peso en el Producto Bruto Interno (PBI), sufrieron retrocesos. Mientras los dos primeros recortaron sus contracciones, la industria mantuvo una baja anual del 2,3%.<\/p>\n<p>Respecto de octubre de 2024, la econom\u00eda avanz\u00f3 un 0,9%, trat\u00e1ndose as\u00ed del segundo registro positivo consecutivo. A la vez, luego de tocar un piso en abril, el EMAE viene acumulando un repunte lento pero sostenido; la serie desestacionalizada del INDEC mostr\u00f3 su m\u00e1ximo desde octubre de 2023.<\/p>\n<p>ambito.com<\/p>\n","protected":false},"excerpt":{"rendered":"<p>La econom\u00eda registr\u00f3 en noviembre su primer crecimiento interanual en seis meses y el segundo de la era Milei. En<\/p>\n","protected":false},"author":1,"featured_media":21554,"comment_status":"closed","ping_status":"closed","sticky":false,"template":"","format":"standard","meta":{"footnotes":"","jetpack_publicize_message":"","jetpack_publicize_feature_enabled":true,"jetpack_social_post_already_shared":true,"jetpack_social_options":{"image_generator_settings":{"template":"highway","enabled":false},"version":2}},"categories":[5],"tags":[],"class_list":["post-21553","post","type-post","status-publish","format-standard","has-post-thumbnail","hentry","category-economia"],"jetpack_publicize_connections":[],"_links":{"self":[{"href":"https:\/\/diariorepublica.com.ar\/web\/index.php\/wp-json\/wp\/v2\/posts\/21553"}],"collection":[{"href":"https:\/\/diariorepublica.com.ar\/web\/index.php\/wp-json\/wp\/v2\/posts"}],"about":[{"href":"https:\/\/diariorepublica.com.ar\/web\/index.php\/wp-json\/wp\/v2\/types\/post"}],"author":[{"embeddable":true,"href":"https:\/\/diariorepublica.com.ar\/web\/index.php\/wp-json\/wp\/v2\/users\/1"}],"replies":[{"embeddable":true,"href":"https:\/\/diariorepublica.com.ar\/web\/index.php\/wp-json\/wp\/v2\/comments?post=21553"}],"version-history":[{"count":1,"href":"https:\/\/diariorepublica.com.ar\/web\/index.php\/wp-json\/wp\/v2\/posts\/21553\/revisions"}],"predecessor-version":[{"id":21555,"href":"https:\/\/diariorepublica.com.ar\/web\/index.php\/wp-json\/wp\/v2\/posts\/21553\/revisions\/21555"}],"wp:featuredmedia":[{"embeddable":true,"href":"https:\/\/diariorepublica.com.ar\/web\/index.php\/wp-json\/wp\/v2\/media\/21554"}],"wp:attachment":[{"href":"https:\/\/diariorepublica.com.ar\/web\/index.php\/wp-json\/wp\/v2\/media?parent=21553"}],"wp:term":[{"taxonomy":"category","embeddable":true,"href":"https:\/\/diariorepublica.com.ar\/web\/index.php\/wp-json\/wp\/v2\/categories?post=21553"},{"taxonomy":"post_tag","embeddable":true,"href":"https:\/\/diariorepublica.com.ar\/web\/index.php\/wp-json\/wp\/v2\/tags?post=21553"}],"curies":[{"name":"wp","href":"https:\/\/api.w.org\/{rel}","templated":true}]}}