{"id":21565,"date":"2025-01-24T08:30:00","date_gmt":"2025-01-24T11:30:00","guid":{"rendered":"https:\/\/diariorepublica.com.ar\/web\/?p=21565"},"modified":"2025-01-24T09:31:30","modified_gmt":"2025-01-24T12:31:30","slug":"trump-ordeno-hacer-publicos-los-archivos-sobre-los-asesinatos-de-kennedy-y-luther-king","status":"publish","type":"post","link":"https:\/\/diariorepublica.com.ar\/web\/index.php\/internacionales\/2025\/01\/24\/trump-ordeno-hacer-publicos-los-archivos-sobre-los-asesinatos-de-kennedy-y-luther-king\/","title":{"rendered":"Trump orden\u00f3 hacer p\u00fablicos los archivos sobre los asesinatos de Kennedy y Luther King"},"content":{"rendered":"<p>El presidente de Estados Unidos,\u00a0<strong>Donald Trump,<\/strong>\u00a0firm\u00f3 jueves una orden ejecutiva para<br \/>\n<strong>desclasificar el resto de los archivos sobre los asesinatos del expresidente John F. Kennedy (JFK)<\/strong>, su hermano<strong>\u00a0Robert F. Kennedy (RFK)<\/strong>\u00a0y el l\u00edder de los derechos civiles<strong>\u00a0Martin Luther King, Jr. (MLK).<\/strong><\/p>\n<p>\u00abHe decidido que la continuada redacci\u00f3n y retenci\u00f3n de informaci\u00f3n de los registros relacionados con el asesinato del presidente John F. Kennedy no es consistente con el inter\u00e9s p\u00fablico y<strong>\u00a0la desclasificaci\u00f3n de estos registros est\u00e1 pendiente desde hace mucho tiempo\u00bb<\/strong>, dijo Trump en la orden ejecutiva.<\/p>\n<p>\u00abAunque ninguna ley del Congreso ordena la divulgaci\u00f3n de informaci\u00f3n relativa a los asesinatos del senador Robert F. Kennedy y del reverendo Dr. Martin Luther King, Jr., he determinado qu<strong>e la divulgaci\u00f3n de todos los registros en posesi\u00f3n del Gobierno federal relativos a cada uno de esos asesinatos tambi\u00e9n es de inter\u00e9s p\u00fablico\u00bb,<\/strong>\u00a0dijo Trump.<\/p>\n<p>En la orden ejecutiva, Trump orden\u00f3 al director de Inteligencia Nacional y al fiscal general, que a\u00fan no han sido confirmados por el Senado en sus puestos,\u00a0<strong>que le presenten un plan para la\u00a0<\/strong><br \/>\n<strong>divulgaci\u00f3n \u00abtotal y completa\u00bb de los registros relacionados con el asesinato de JFK en un plazo de 15 d\u00edas.<\/strong><\/p>\n<p>Trump tambi\u00e9n\u00a0<strong>les ha dado 45 d\u00edas para presentar un plan para desclasificar todos los archivos de RFK y MLK.<\/strong><\/p>\n<p><strong>JFK, el 35\u00ba presidente de Estados Unidos, fue asesinado el 22 de noviembre de 1963 en Dallas<\/strong>\u00a0(Texas) mientras viajaba en una comitiva. Lee Harvey Oswald fue detenido por el asesinato, pero a\u00fan hoy prevalecen numerosas teor\u00edas conspirativas sobre las circunstancias de la dram\u00e1tica muerte de Oswald dos d\u00edas despu\u00e9s del magnicidio.<\/p>\n<p>En 1992, el Congreso exigi\u00f3 que todos los documentos relacionados con los asesinatos se pusieran a disposici\u00f3n del p\u00fablico en un plazo de 25 a\u00f1os, antes del 26 de octubre de 2017.<\/p>\n<p>En su primer mandato, que comenz\u00f3 en enero de 2017, Trump acept\u00f3 las redacciones propuestas por los departamentos y agencias ejecutivas, pero orden\u00f3 que se siguieran reevaluando las redacciones restantes.<\/p>\n<p>Joe Biden, que sucedi\u00f3 a Trump, emiti\u00f3 certificaciones posteriores relativas a estos archivos en 2021, 2022 y 2023, lo que dio a las agencias tiempo adicional para revisar los documentos y retener informaci\u00f3n de la divulgaci\u00f3n p\u00fablica, seg\u00fan la orden.<\/p>\n<p>La secretaria de prensa de Biden, Karine Jean-Pierre, dijo el 30 de junio de 2023 que el 99 por ciento de los archivos asociados con el asesinato de JFK estaban disponibles para el acceso p\u00fablico a trav\u00e9s de la Administraci\u00f3n Nacional de Archivos y Registros.<\/p>\n<p><strong>RFK,<\/strong>\u00a0otra figura destacada de la familia Kennedy, era muy conocido por sus funciones como senador y fiscal general de Estados Unidos.<strong>\u00a0Fue asesinado en 1968 durante su campa\u00f1a por la candidatura presidencial dem\u00f3crata<\/strong>. El candidato de Trump a secretario de Sanidad y Servicios Humanos, Robert F. Kennedy Jr., es hijo de RFK.<\/p>\n<p><strong>MLK es una de las figuras m\u00e1s destacadas del movimiento por los derechos civiles en Estados Unidos.\u00a0<\/strong>Es muy conocido por su compromiso con la campa\u00f1a no violenta contra la segregaci\u00f3n racial y la desigualdad, as\u00ed como por su famoso discurso \u00abTengo un sue\u00f1o\u00bb.<\/p>\n","protected":false},"excerpt":{"rendered":"<p>El presidente de Estados Unidos,\u00a0Donald Trump,\u00a0firm\u00f3 jueves una orden ejecutiva para desclasificar el resto de los archivos sobre los asesinatos<\/p>\n","protected":false},"author":1,"featured_media":21566,"comment_status":"closed","ping_status":"closed","sticky":false,"template":"","format":"standard","meta":{"footnotes":"","jetpack_publicize_message":"","jetpack_publicize_feature_enabled":true,"jetpack_social_post_already_shared":true,"jetpack_social_options":{"image_generator_settings":{"template":"highway","enabled":false},"version":2}},"categories":[6],"tags":[],"class_list":["post-21565","post","type-post","status-publish","format-standard","has-post-thumbnail","hentry","category-internacionales"],"jetpack_publicize_connections":[],"_links":{"self":[{"href":"https:\/\/diariorepublica.com.ar\/web\/index.php\/wp-json\/wp\/v2\/posts\/21565"}],"collection":[{"href":"https:\/\/diariorepublica.com.ar\/web\/index.php\/wp-json\/wp\/v2\/posts"}],"about":[{"href":"https:\/\/diariorepublica.com.ar\/web\/index.php\/wp-json\/wp\/v2\/types\/post"}],"author":[{"embeddable":true,"href":"https:\/\/diariorepublica.com.ar\/web\/index.php\/wp-json\/wp\/v2\/users\/1"}],"replies":[{"embeddable":true,"href":"https:\/\/diariorepublica.com.ar\/web\/index.php\/wp-json\/wp\/v2\/comments?post=21565"}],"version-history":[{"count":1,"href":"https:\/\/diariorepublica.com.ar\/web\/index.php\/wp-json\/wp\/v2\/posts\/21565\/revisions"}],"predecessor-version":[{"id":21567,"href":"https:\/\/diariorepublica.com.ar\/web\/index.php\/wp-json\/wp\/v2\/posts\/21565\/revisions\/21567"}],"wp:featuredmedia":[{"embeddable":true,"href":"https:\/\/diariorepublica.com.ar\/web\/index.php\/wp-json\/wp\/v2\/media\/21566"}],"wp:attachment":[{"href":"https:\/\/diariorepublica.com.ar\/web\/index.php\/wp-json\/wp\/v2\/media?parent=21565"}],"wp:term":[{"taxonomy":"category","embeddable":true,"href":"https:\/\/diariorepublica.com.ar\/web\/index.php\/wp-json\/wp\/v2\/categories?post=21565"},{"taxonomy":"post_tag","embeddable":true,"href":"https:\/\/diariorepublica.com.ar\/web\/index.php\/wp-json\/wp\/v2\/tags?post=21565"}],"curies":[{"name":"wp","href":"https:\/\/api.w.org\/{rel}","templated":true}]}}