{"id":21589,"date":"2025-01-29T08:35:11","date_gmt":"2025-01-29T11:35:11","guid":{"rendered":"https:\/\/diariorepublica.com.ar\/web\/?p=21589"},"modified":"2025-01-29T08:35:13","modified_gmt":"2025-01-29T11:35:13","slug":"los-pedidos-de-subsidios-por-desempleo-subieron-60-en-el-2024","status":"publish","type":"post","link":"https:\/\/diariorepublica.com.ar\/web\/index.php\/nacionales\/2025\/01\/29\/los-pedidos-de-subsidios-por-desempleo-subieron-60-en-el-2024\/","title":{"rendered":"Los pedidos de subsidios por desempleo subieron 60% en el 2024"},"content":{"rendered":"<p>Los pedidos de seguros por desempleo subieron 60% en el 2024, en medio de la recesi\u00f3n y el ajuste. No obstante,\u00a0<strong>el Gobierno nacional espera que este a\u00f1o las solicitudes bajen, de la mano de la recuperaci\u00f3n de la econom\u00eda<\/strong>.<\/p>\n<p>El a\u00f1o pasado, 174.335 empleados registrados despedidos sin causa atribuible al trabajador comenzaron a cobrar el seguro o la Prestaci\u00f3n por Desempleo.<\/p>\n<p>Es un 60% m\u00e1s que las 108.942 de 2023, el doble de las 86.268 de 2022 y\u00a0<strong>el m\u00e1s alto de la serie 2014\/2024, de acuerdo a los datos de la Seguridad Social.<\/strong><\/p>\n<p>De las 174.335 altas, las m\u00e1s numerosas correspondieron a la construcci\u00f3n (54.046 trabajadores), la industria manufacturera (36.233), el comercio (28.790), actividades administrativas (14.150) servicio de transporte (7.158), servicios de comida y alojamiento (6.493) y salud y servicios sociales (5.522).<\/p>\n<p><strong>Beneficiarios<\/strong><\/p>\n<p>Tienen derecho a esta prestaci\u00f3n los despedidos sin justa causa, por finalizaci\u00f3n de contrato o por causas externas al trabajador que estuvo en relaci\u00f3n de dependencia comprendido en la ley 24.013 de Contrato de Trabajo.<\/p>\n<p>Mientras cobran este seguro \u2013de hasta 12 meses- perciben tambi\u00e9n las asignaciones familiares y contin\u00faan con la cobertura de la obra social a la que est\u00e1n afiliados.<\/p>\n<p>Los meses del cobro de la prestaci\u00f3n se computa como antig\u00fcedad para la jubilaci\u00f3n o pensi\u00f3n. Un requisito importante es haber tenido al menos 6 meses de trabajo con aportes en los \u00faltimos 3 a\u00f1os anteriores al despido o finalizaci\u00f3n del contrato.<\/p>\n<p>En el caso del trabajador eventual y de temporada,<b>\u00a0el requisito es haber trabajado menos de 12 meses en los \u00faltimos 3 a\u00f1os y m\u00e1s de 90 d\u00edas en el \u00faltimo a\u00f1o, antes de la finalizaci\u00f3n del trabajo.<\/b><\/p>\n<p>El monto y la cantidad de cuotas (entre 2 y 12) se calculan seg\u00fan los ingresos y meses trabajados (con aportes) durante los \u00faltimos 3 a\u00f1os. Las trabajadoras y trabajadores mayores de 45 a\u00f1os cobran durante 6 meses m\u00e1s.<\/p>\n<p>En 2023, el Consejo del Salario M\u00ednimo dispuso que la prestaci\u00f3n por desempleo debe ser equivalente al 75% de la mejor remuneraci\u00f3n mensual, normal y habitual del trabajador en los 6 meses anteriores al cese laboral que provoc\u00f3 el desempleo.<\/p>\n<p>Pero la Resoluci\u00f3n del Consejo aclar\u00f3 que \u201cen ning\u00fan caso la prestaci\u00f3n mensual podr\u00e1 ser inferior al 50% del Salario M\u00ednimo Vital y M\u00f3vil vigente ni superior al 100%\u201d.<b>\u00a0Este techo anula en la pr\u00e1ctica la equivalencia del 75% de la mejor remuneraci\u00f3n de los \u00faltimos 6 meses anteriores al despido.<\/b><\/p>\n","protected":false},"excerpt":{"rendered":"<p>Los pedidos de seguros por desempleo subieron 60% en el 2024, en medio de la recesi\u00f3n y el ajuste. No<\/p>\n","protected":false},"author":1,"featured_media":21590,"comment_status":"closed","ping_status":"closed","sticky":false,"template":"","format":"standard","meta":{"footnotes":"","jetpack_publicize_message":"","jetpack_publicize_feature_enabled":true,"jetpack_social_post_already_shared":true,"jetpack_social_options":{"image_generator_settings":{"template":"highway","enabled":false},"version":2}},"categories":[4],"tags":[],"class_list":["post-21589","post","type-post","status-publish","format-standard","has-post-thumbnail","hentry","category-nacionales"],"jetpack_publicize_connections":[],"_links":{"self":[{"href":"https:\/\/diariorepublica.com.ar\/web\/index.php\/wp-json\/wp\/v2\/posts\/21589"}],"collection":[{"href":"https:\/\/diariorepublica.com.ar\/web\/index.php\/wp-json\/wp\/v2\/posts"}],"about":[{"href":"https:\/\/diariorepublica.com.ar\/web\/index.php\/wp-json\/wp\/v2\/types\/post"}],"author":[{"embeddable":true,"href":"https:\/\/diariorepublica.com.ar\/web\/index.php\/wp-json\/wp\/v2\/users\/1"}],"replies":[{"embeddable":true,"href":"https:\/\/diariorepublica.com.ar\/web\/index.php\/wp-json\/wp\/v2\/comments?post=21589"}],"version-history":[{"count":1,"href":"https:\/\/diariorepublica.com.ar\/web\/index.php\/wp-json\/wp\/v2\/posts\/21589\/revisions"}],"predecessor-version":[{"id":21591,"href":"https:\/\/diariorepublica.com.ar\/web\/index.php\/wp-json\/wp\/v2\/posts\/21589\/revisions\/21591"}],"wp:featuredmedia":[{"embeddable":true,"href":"https:\/\/diariorepublica.com.ar\/web\/index.php\/wp-json\/wp\/v2\/media\/21590"}],"wp:attachment":[{"href":"https:\/\/diariorepublica.com.ar\/web\/index.php\/wp-json\/wp\/v2\/media?parent=21589"}],"wp:term":[{"taxonomy":"category","embeddable":true,"href":"https:\/\/diariorepublica.com.ar\/web\/index.php\/wp-json\/wp\/v2\/categories?post=21589"},{"taxonomy":"post_tag","embeddable":true,"href":"https:\/\/diariorepublica.com.ar\/web\/index.php\/wp-json\/wp\/v2\/tags?post=21589"}],"curies":[{"name":"wp","href":"https:\/\/api.w.org\/{rel}","templated":true}]}}