{"id":21598,"date":"2025-01-30T06:55:00","date_gmt":"2025-01-30T09:55:00","guid":{"rendered":"https:\/\/diariorepublica.com.ar\/web\/?p=21598"},"modified":"2025-01-30T07:57:00","modified_gmt":"2025-01-30T10:57:00","slug":"por-contradecir-los-ideales-del-presidente-el-oficialismo-echo-a-ramiro-marra","status":"publish","type":"post","link":"https:\/\/diariorepublica.com.ar\/web\/index.php\/politica\/2025\/01\/30\/por-contradecir-los-ideales-del-presidente-el-oficialismo-echo-a-ramiro-marra\/","title":{"rendered":"\u00abPor contradecir los ideales del Presidente\u00bb: el oficialismo ech\u00f3 a Ramiro Marra"},"content":{"rendered":"<p>La Libertad Avanza (LLA) inform\u00f3 que ech\u00f3 del partido al legislador porte\u00f1o Ramiro Marra \u00abde manera irreversible\u00bb por \u00abhaber votado a favor del inaceptable aumento de impuestos en la Ciudad de Buenos Aires, que contradice los ideales del presidente Javier Milei\u00bb.<\/p>\n<p>En ese sentido, el oficialismo precis\u00f3: \u00abLLA informa que el legislador Ramiro Marra ya no forma parte de La Libertad Avanza a nivel nacional ni en ning\u00fan distrito del pa\u00eds, de manera irreversible, como consecuencia de no seguir los lineamientos del partido y haber votado a favor del inaceptable aumento de impuestos en la Ciudad de Buenos Aires, que contradice los ideales del presidente Javier Milei\u00bb.<\/p>\n<p>\u00abTodos aquellos que no respeten la agenda del Presidente ser\u00e1n expulsados. No importa qui\u00e9nes sean\u00bb, agreg\u00f3 el comunicado de la fuerza que encabeza Milei.<\/p>\n<p><img decoding=\"async\" src=\"https:\/\/telefe-static2.akamaized.net\/media\/566483\/captura-de-pantalla-2025-01-30-001747.png?width=640&amp;mode=crop\" alt=\"\" data-id=\"2025459\" \/><\/p>\n<p>La decisi\u00f3n tomada caus\u00f3 sorpresa ya que Marra es uno de las personas m\u00e1s cercanas al mandatario nacional desde que formaron esta nueva agrupaci\u00f3n pol\u00edtica.\u00a0De todas maneras, los cortocircuitos ya ven\u00edan desde hac\u00eda varios meses cuando se decidi\u00f3 apartarlo como jefe del bloque de LLA en la Legislatura porte\u00f1a.<\/p>\n<p>La determinaci\u00f3n habr\u00eda tenido que ver con algunas internas que el broker mantendr\u00eda con la secretaria General de la Presidencia y hermana del jefe de Estado, Karina Milei.\u00a0Esta decisi\u00f3n profundiza la tensi\u00f3n interna dentro del oficialismo, que se mantiene firme en su postura de rechazo al aumento del gasto p\u00fablico y las cargas fiscales que dispuso el jefe de Gobierno porte\u00f1o, Jorge Macri.<\/p>\n","protected":false},"excerpt":{"rendered":"<p>La Libertad Avanza (LLA) inform\u00f3 que ech\u00f3 del partido al legislador porte\u00f1o Ramiro Marra \u00abde manera irreversible\u00bb por \u00abhaber votado<\/p>\n","protected":false},"author":1,"featured_media":21599,"comment_status":"closed","ping_status":"closed","sticky":false,"template":"","format":"standard","meta":{"footnotes":"","jetpack_publicize_message":"","jetpack_publicize_feature_enabled":true,"jetpack_social_post_already_shared":true,"jetpack_social_options":{"image_generator_settings":{"template":"highway","enabled":false},"version":2}},"categories":[12],"tags":[],"class_list":["post-21598","post","type-post","status-publish","format-standard","has-post-thumbnail","hentry","category-politica"],"jetpack_publicize_connections":[],"_links":{"self":[{"href":"https:\/\/diariorepublica.com.ar\/web\/index.php\/wp-json\/wp\/v2\/posts\/21598"}],"collection":[{"href":"https:\/\/diariorepublica.com.ar\/web\/index.php\/wp-json\/wp\/v2\/posts"}],"about":[{"href":"https:\/\/diariorepublica.com.ar\/web\/index.php\/wp-json\/wp\/v2\/types\/post"}],"author":[{"embeddable":true,"href":"https:\/\/diariorepublica.com.ar\/web\/index.php\/wp-json\/wp\/v2\/users\/1"}],"replies":[{"embeddable":true,"href":"https:\/\/diariorepublica.com.ar\/web\/index.php\/wp-json\/wp\/v2\/comments?post=21598"}],"version-history":[{"count":1,"href":"https:\/\/diariorepublica.com.ar\/web\/index.php\/wp-json\/wp\/v2\/posts\/21598\/revisions"}],"predecessor-version":[{"id":21600,"href":"https:\/\/diariorepublica.com.ar\/web\/index.php\/wp-json\/wp\/v2\/posts\/21598\/revisions\/21600"}],"wp:featuredmedia":[{"embeddable":true,"href":"https:\/\/diariorepublica.com.ar\/web\/index.php\/wp-json\/wp\/v2\/media\/21599"}],"wp:attachment":[{"href":"https:\/\/diariorepublica.com.ar\/web\/index.php\/wp-json\/wp\/v2\/media?parent=21598"}],"wp:term":[{"taxonomy":"category","embeddable":true,"href":"https:\/\/diariorepublica.com.ar\/web\/index.php\/wp-json\/wp\/v2\/categories?post=21598"},{"taxonomy":"post_tag","embeddable":true,"href":"https:\/\/diariorepublica.com.ar\/web\/index.php\/wp-json\/wp\/v2\/tags?post=21598"}],"curies":[{"name":"wp","href":"https:\/\/api.w.org\/{rel}","templated":true}]}}