{"id":21614,"date":"2025-01-30T08:48:51","date_gmt":"2025-01-30T11:48:51","guid":{"rendered":"https:\/\/diariorepublica.com.ar\/web\/?p=21614"},"modified":"2025-01-30T08:48:53","modified_gmt":"2025-01-30T11:48:53","slug":"independiente-le-gano-a-talleres","status":"publish","type":"post","link":"https:\/\/diariorepublica.com.ar\/web\/index.php\/deportes\/2025\/01\/30\/independiente-le-gano-a-talleres\/","title":{"rendered":"Independiente le gan\u00f3 a Talleres"},"content":{"rendered":"<article id=\"article-post\" class=\"first\">\n<div class=\"cuerpo\" data-twitter-link=\"https:\/\/twitter.com\/intent\/tweet?url=https:\/\/www.diariopopular.com.ar\/c826459&amp;via=poopulardiario&amp;related=Popular&amp;text=\">\n<p><strong>Independiente<\/strong>\u00a0le gan\u00f3 un verdadero\u00a0<strong>partidazo<\/strong>\u00a0a\u00a0<strong>Talleres de C\u00f3rdoba\u00a0<\/strong>por 3-2, por la segunda fecha del\u00a0<strong>Torneo Apertura de la Liga Profesional de F\u00fatbol,<\/strong>\u00a0y se puso el cartel de candidato del\u00a0<strong>Grupo B.<\/strong><\/p>\n<\/div>\n<\/article>\n<article id=\"article-post\">\n<div class=\"cuerpo\" data-twitter-link=\"https:\/\/twitter.com\/intent\/tweet?url=https:\/\/www.diariopopular.com.ar\/c826459&amp;via=poopulardiario&amp;related=Popular&amp;text=\">\n<p>Los goles para el equipo de Avellaneda llegaron de la mano de<strong>\u00a0Juan Rodr\u00edguez<\/strong>\u00a0(en contra),<strong>\u00a0Adri\u00e1n Sporle\u00a0<\/strong>y\u00a0<strong>Luciano Cabral,<\/strong>\u00a0mientras que para los goles del local fueron anotados por<strong>\u00a0Federico Vera<\/strong>\u00a0(en contra) y\u00a0<strong>Valent\u00edn Depietri.<\/strong><\/p>\n<div id=\"embed50_wrap\" class=\"embed_cont type_freetext\" contenteditable=\"false\">\n<div id=\"embed50_content\" class=\"embed_content\">\n<div id=\"embed50_embed\">\n<div class=\"video_container\"><iframe loading=\"lazy\" class=\"video_iframe\" src=\"https:\/\/www.youtube.com\/embed\/zm8YG2TxT5w\" width=\"100%\" height=\"360\" frameborder=\"0\" scrolling=\"no\" data-gtm-yt-inspected-13=\"true\" data-mce-fragment=\"1\"><\/iframe><\/div>\n<\/div>\n<\/div>\n<div id=\"embed50_epigrafe\" class=\"embed_epigrafe\"><\/div>\n<div id=\"embed50_copyright\" class=\"embed_copyright\"><\/div>\n<\/div>\n<p>El partido comenz\u00f3 favorable para Talleres, que se puso en ventaja gracias a un ins\u00f3lito gol en contra de Vera a los tres minutos de juego.<\/p>\n<p>Sin embargo, los dirigidos por Julio Vaccari se recuperaron r\u00e1pidamente y se fueron al entretiempo en ventaja por el golazo en contra de Rodr\u00edguez, que quiso despejar un centro a trav\u00e9s de un cabezazo, pero termin\u00f3 clav\u00e1ndola en el \u00e1ngulo del arco defendido por Guido Herrera al cuarto de hora, mientras que Sporle puso en ventaja a los suyos con una buena definici\u00f3n dentro del \u00e1rea a los 37 minutos.<\/p>\n<p>Ya en el complemento, Talleres hab\u00eda llegado a la igualdad a trav\u00e9s del delantero Nahuel Bustos, pero el \u00e1rbitro del encuentro, Facundo Tello, lo anul\u00f3 por una falta sobre el defensor Kevin Lom\u00f3naco.<\/p>\n<div id=\"embed6744_wrap\" class=\"embed_cont type_freetext\" contenteditable=\"false\" data-provider=\"Twitter\">\n<div id=\"embed6744_content\" class=\"embed_content\">\n<div id=\"embed6744_embed\">\n<div class=\"twitter-tweet twitter-tweet-rendered\"><iframe id=\"twitter-widget-0\" class=\"\" title=\"X Post\" src=\"https:\/\/platform.twitter.com\/embed\/Tweet.html?creatorScreenName=diariopopular&amp;dnt=false&amp;embedId=twitter-widget-0&amp;features=eyJ0ZndfdGltZWxpbmVfbGlzdCI6eyJidWNrZXQiOltdLCJ2ZXJzaW9uIjpudWxsfSwidGZ3X2ZvbGxvd2VyX2NvdW50X3N1bnNldCI6eyJidWNrZXQiOnRydWUsInZlcnNpb24iOm51bGx9LCJ0ZndfdHdlZXRfZWRpdF9iYWNrZW5kIjp7ImJ1Y2tldCI6Im9uIiwidmVyc2lvbiI6bnVsbH0sInRmd19yZWZzcmNfc2Vzc2lvbiI6eyJidWNrZXQiOiJvbiIsInZlcnNpb24iOm51bGx9LCJ0ZndfZm9zbnJfc29mdF9pbnRlcnZlbnRpb25zX2VuYWJsZWQiOnsiYnVja2V0Ijoib24iLCJ2ZXJzaW9uIjpudWxsfSwidGZ3X21peGVkX21lZGlhXzE1ODk3Ijp7ImJ1Y2tldCI6InRyZWF0bWVudCIsInZlcnNpb24iOm51bGx9LCJ0ZndfZXhwZXJpbWVudHNfY29va2llX2V4cGlyYXRpb24iOnsiYnVja2V0IjoxMjA5NjAwLCJ2ZXJzaW9uIjpudWxsfSwidGZ3X3Nob3dfYmlyZHdhdGNoX3Bpdm90c19lbmFibGVkIjp7ImJ1Y2tldCI6Im9uIiwidmVyc2lvbiI6bnVsbH0sInRmd19kdXBsaWNhdGVfc2NyaWJlc190b19zZXR0aW5ncyI6eyJidWNrZXQiOiJvbiIsInZlcnNpb24iOm51bGx9LCJ0ZndfdXNlX3Byb2ZpbGVfaW1hZ2Vfc2hhcGVfZW5hYmxlZCI6eyJidWNrZXQiOiJvbiIsInZlcnNpb24iOm51bGx9LCJ0ZndfdmlkZW9faGxzX2R5bmFtaWNfbWFuaWZlc3RzXzE1MDgyIjp7ImJ1Y2tldCI6InRydWVfYml0cmF0ZSIsInZlcnNpb24iOm51bGx9LCJ0ZndfbGVnYWN5X3RpbWVsaW5lX3N1bnNldCI6eyJidWNrZXQiOnRydWUsInZlcnNpb24iOm51bGx9LCJ0ZndfdHdlZXRfZWRpdF9mcm9udGVuZCI6eyJidWNrZXQiOiJvbiIsInZlcnNpb24iOm51bGx9fQ%3D%3D&amp;frame=false&amp;hideCard=false&amp;hideThread=false&amp;id=1884730688332583196&amp;lang=en&amp;origin=https%3A%2F%2Fwww.diariopopular.com.ar%2Fdeportes%2Findependiente-le-gano-talleres-un-verdadero-partidazo-n826459&amp;sessionId=7fead6cff53f437d475120ee5010934719957857&amp;siteScreenName=diariopopular&amp;theme=light&amp;widgetsVersion=2615f7e52b7e0%3A1702314776716&amp;width=550px\" frameborder=\"0\" scrolling=\"no\" allowfullscreen=\"allowfullscreen\" data-tweet-id=\"1884730688332583196\" data-gtm-yt-inspected-13=\"true\" data-mce-fragment=\"1\"><\/iframe><\/div>\n<\/div>\n<\/div>\n<div id=\"embed6744_epigrafe\" class=\"embed_epigrafe\"><\/div>\n<div id=\"embed6744_copyright\" class=\"embed_copyright\"><\/div>\n<\/div>\n<p>Sin embargo, la \u201cT\u201d consigui\u00f3 el tan ansiado empate a los 40 minutos del segundo tiempo, cuando Valent\u00edn Depietri le rompi\u00f3 el arco a Rodrigo Rey con una gran volea.<\/p>\n<p>Cuando parec\u00eda que el partido iba a terminar en empate,\u00a0<strong>el chileno Luciano Cabral, que hab\u00eda ingresado a la hora de juego, anot\u00f3 el gol de la victoria para Independiente a los 91 minutos<\/strong>, despu\u00e9s de recibir una gran asistencia de Ignacio Maestro Puch, tomarse un tiempo dentro del \u00e1rea y definir para el 3-2 definitivo.<\/p>\n<p><strong>Gracias a esta gran victoria, Independiente se puso el cartel de candidato al ganar en una de las canchas m\u00e1s complicadas del f\u00fatbol argentino y llegar a los 6 puntos de 6 posibles.<\/strong>\u00a0Talleres, por su parte, sigue sin poder sumar puntos en el Torneo Apertura.<\/p>\n<p>En la tercera fecha, Independiente recibir\u00e1 el domingo a Gimnasia y Esgrima La Plata, mientras que los cordobeses visitar\u00e1n a Godoy Cruz en Mendoza el pr\u00f3ximo martes.<\/p>\n<\/div>\n<\/article>\n","protected":false},"excerpt":{"rendered":"<p>Independiente\u00a0le gan\u00f3 un verdadero\u00a0partidazo\u00a0a\u00a0Talleres de C\u00f3rdoba\u00a0por 3-2, por la segunda fecha del\u00a0Torneo Apertura de la Liga Profesional de F\u00fatbol,\u00a0y se<\/p>\n","protected":false},"author":1,"featured_media":21615,"comment_status":"closed","ping_status":"closed","sticky":false,"template":"","format":"standard","meta":{"footnotes":"","jetpack_publicize_message":"","jetpack_publicize_feature_enabled":true,"jetpack_social_post_already_shared":true,"jetpack_social_options":{"image_generator_settings":{"template":"highway","enabled":false},"version":2}},"categories":[9],"tags":[],"class_list":["post-21614","post","type-post","status-publish","format-standard","has-post-thumbnail","hentry","category-deportes"],"jetpack_publicize_connections":[],"_links":{"self":[{"href":"https:\/\/diariorepublica.com.ar\/web\/index.php\/wp-json\/wp\/v2\/posts\/21614"}],"collection":[{"href":"https:\/\/diariorepublica.com.ar\/web\/index.php\/wp-json\/wp\/v2\/posts"}],"about":[{"href":"https:\/\/diariorepublica.com.ar\/web\/index.php\/wp-json\/wp\/v2\/types\/post"}],"author":[{"embeddable":true,"href":"https:\/\/diariorepublica.com.ar\/web\/index.php\/wp-json\/wp\/v2\/users\/1"}],"replies":[{"embeddable":true,"href":"https:\/\/diariorepublica.com.ar\/web\/index.php\/wp-json\/wp\/v2\/comments?post=21614"}],"version-history":[{"count":1,"href":"https:\/\/diariorepublica.com.ar\/web\/index.php\/wp-json\/wp\/v2\/posts\/21614\/revisions"}],"predecessor-version":[{"id":21616,"href":"https:\/\/diariorepublica.com.ar\/web\/index.php\/wp-json\/wp\/v2\/posts\/21614\/revisions\/21616"}],"wp:featuredmedia":[{"embeddable":true,"href":"https:\/\/diariorepublica.com.ar\/web\/index.php\/wp-json\/wp\/v2\/media\/21615"}],"wp:attachment":[{"href":"https:\/\/diariorepublica.com.ar\/web\/index.php\/wp-json\/wp\/v2\/media?parent=21614"}],"wp:term":[{"taxonomy":"category","embeddable":true,"href":"https:\/\/diariorepublica.com.ar\/web\/index.php\/wp-json\/wp\/v2\/categories?post=21614"},{"taxonomy":"post_tag","embeddable":true,"href":"https:\/\/diariorepublica.com.ar\/web\/index.php\/wp-json\/wp\/v2\/tags?post=21614"}],"curies":[{"name":"wp","href":"https:\/\/api.w.org\/{rel}","templated":true}]}}