{"id":21620,"date":"2025-01-30T08:51:34","date_gmt":"2025-01-30T11:51:34","guid":{"rendered":"https:\/\/diariorepublica.com.ar\/web\/?p=21620"},"modified":"2025-01-30T08:51:36","modified_gmt":"2025-01-30T11:51:36","slug":"tregua-israel-hamas-quienes-son-los-rehenes-que-liberaran-este-jueves","status":"publish","type":"post","link":"https:\/\/diariorepublica.com.ar\/web\/index.php\/internacionales\/2025\/01\/30\/tregua-israel-hamas-quienes-son-los-rehenes-que-liberaran-este-jueves\/","title":{"rendered":"Tregua Israel-Ham\u00e1s: qui\u00e9nes son los rehenes que liberar\u00e1n este jueves"},"content":{"rendered":"<article id=\"article-post\" class=\"first\">\n<div class=\"cuerpo\" data-twitter-link=\"https:\/\/twitter.com\/intent\/tweet?url=https:\/\/www.diariopopular.com.ar\/c826450&amp;via=poopulardiario&amp;related=Popular&amp;text=\">\n<p data-mrf-recirculation=\"Links inline\"><strong>Israel recibi\u00f3 este mi\u00e9rcoles la lista de los rehenes que ser\u00e1n liberados este jueves por Ham\u00e1s<\/strong>\u00a0como parte de la\u00a0<strong>tregua en la Franja de Gaza.<\/strong>\u00a0La informaci\u00f3n fue dada a conocer en las \u00faltimas horas por la oficina del primer ministro,\u00a0<strong>Benjamin Netanyahu<\/strong>.<\/p>\n<\/div>\n<\/article>\n<article id=\"article-post\">\n<div class=\"cuerpo\" data-twitter-link=\"https:\/\/twitter.com\/intent\/tweet?url=https:\/\/www.diariopopular.com.ar\/c826450&amp;via=poopulardiario&amp;related=Popular&amp;text=\">\n<p data-mrf-recirculation=\"Links inline\">Se trata de\u00a0<strong>Arbel Yehoud<\/strong>, de 29 a\u00f1os,\u00a0<strong>Agam Berger<\/strong>, de 19 a\u00f1os, y\u00a0<strong>Gadi Moshe Mozes<\/strong>, de 80 a\u00f1os. Los nombres fueron proporcionados por el movimiento terrorista palestino a trav\u00e9s de los mediadores Egipto y Qatar. Tambi\u00e9n se detall\u00f3 que las familias de los tres cautivos ya estaban al tanto de la situaci\u00f3n.<\/p>\n<p data-mrf-recirculation=\"Links inline\">La cadena de televisi\u00f3n israel\u00ed 12 asegur\u00f3 que, a cambio, <strong>Israel sacar\u00e1 de sus c\u00e1rceles a 110 presos palestinos (30 a cambio de Yehud, 50 por Berger y otros 30 por Moses)<\/strong>. La primera fase del acuerdo entr\u00f3 en vigencia el pasado 19 de enero y, de momento, ya ha hecho posible el\u00a0<strong>regreso a la naci\u00f3n jud\u00eda de siete secuestradas israel\u00edes.<\/strong><\/p>\n<p data-mrf-recirculation=\"Links inline\"><strong>Se espera tambi\u00e9n que otros tres hombres sean puestos en libertad el s\u00e1bado<\/strong>. En la primera fase del pacto, Israel y Ham\u00e1s acordaron un alto el fuego de seis semanas, per\u00edodo en el que se producir\u00e1 un intercambio gradual de 33 rehenes israel\u00edes por m\u00e1s de 1.900 presos palestinos. Ocho de esos rehenes ya se confirm\u00f3 que fueron asesinados en cautiverio.<\/p>\n<p data-mrf-recirculation=\"Links inline\">Durante el mismo lapso tendr\u00e1n lugar adem\u00e1s las\u00a0<strong>negociaciones para una segunda fase de la tregua<\/strong>, en la que se completar\u00eda la liberaci\u00f3n de todos los secuestrados israel\u00edes en Gaza y se sentar\u00edan las bases del fin de la guerra.<\/p>\n<p data-mrf-recirculation=\"Links inline\">Qui\u00e9nes son los tres rehenes que ser\u00e1n liberados<\/p>\n<p data-mrf-recirculation=\"Links inline\"><strong>Agam Berger<\/strong>\u00a0fue secuestrada el 7 de octubre de 2023 en la base de Nahal Oz, en el sur de Israel, y trasladada a Gaza. Su familia confirm\u00f3 su captura el 8 de octubre tras encontrar un video de su secuestro en un canal de Telegram de Ham\u00e1s. La joven, una talentosa violinista y voluntaria con ni\u00f1os discapacitados, fue conocida entre los rehenes por trenzar el cabello de otras cautivas antes de su liberaci\u00f3n.<\/p>\n<p data-mrf-recirculation=\"Links inline\"><strong>Arbel Yehoud\u00a0<\/strong>es una ciudadana alemana-israel\u00ed que fue raptada en el kibutz Nir Oz, donde viv\u00edan tres generaciones de su familia. Apareci\u00f3 en un video publicado este s\u00e1bado por Yihad Isl\u00e1mica Palestina en el que envi\u00f3 un mensaje asegurando estar bien. Su padre expres\u00f3 preocupaci\u00f3n por su bienestar y la falta de acci\u00f3n de Alemania para asegurar su liberaci\u00f3n. Yehoud, antes de su captura, era conocida como una t\u00eda cari\u00f1osa y recientemente hab\u00eda adoptado un perro.<\/p>\n<p data-mrf-recirculation=\"Links inline\"><strong>Gadi Moshe Moses\u00a0<\/strong>fue capturado el 7 de octubre en el kibutz Nir Oz. Su ex pareja, Margalit Moses, tambi\u00e9n fue tomada como reh\u00e9n, pero fue liberada en la primera tregua. Su pareja, Efrat Katz, fue asesinada por Ham\u00e1s, mientras que la hija y los nietos de la mujer fueron secuestrados y posteriormente liberados.<\/p>\n<h6 data-mrf-recirculation=\"Links inline\">Movilizaci\u00f3n por una familia argentina<\/h6>\n<p class=\"\"><strong>\u00abEl pueblo de Israel no ha olvidado a la familia Bibas. Unete a nosotros y ma\u00f1ana colorearemos juntos el pa\u00eds de naranja\u201d<\/strong>. Este es el mensaje lanzado ayer en las redes sociales por grupos de ciudadanos que decidieron vestirse todos de naranja este mi\u00e9rcoles en todo el pa\u00eds para resaltar el color pelirrojo del cabello de Kfir y Ariel, de 2 y 5 a\u00f1os, los dos argentinos secuestrados por el grupo terrorista Ham\u00e1s con su madre Shiri del kibbutz Nir Oz el 7 de octubre de 2023. El padre Yarden, tambi\u00e9n tomado como reh\u00e9n, fue llevado por separado.<\/p>\n<div id=\"734185-Libre-404833874_wrap\" class=\"embed_cont type_imagen\" contenteditable=\"false\">\n<div id=\"734185-Libre-404833874_content\" class=\"embed_content\"><img decoding=\"async\" id=\"734185-Libre-404833874_embed\" title=\"El mensaje que se dio a conocer para convocar a una movilizaci\u00f3n para pedir por la familia Bibas.\" src=\"https:\/\/media.diariopopular.com.ar\/p\/d31300658d65c33911e02a5863f4cde3\/adjuntos\/143\/imagenes\/008\/178\/0008178045\/1140x0\/smart\/el-mensaje-que-se-dio-conocer-convocar-una-movilizacion-pedir-la-familia-bibas.jpg\" alt=\"El mensaje que se dio a conocer para convocar a una movilizaci\u00f3n para pedir por la familia Bibas.\" width=\"1140\" height=\"undefined\" longdesc=\"https:\/\/media.diariopopular.com.ar\/p\/d31300658d65c33911e02a5863f4cde3\/adjuntos\/143\/imagenes\/008\/178\/0008178045\/1140x0\/smart\/el-mensaje-que-se-dio-conocer-convocar-una-movilizacion-pedir-la-familia-bibas.jpg\" \/><\/div>\n<div id=\"734185-Libre-404833874_epigrafe\" class=\"embed_epigrafe\">\n<p>El mensaje que se dio a conocer para convocar a una movilizaci\u00f3n para pedir por la familia Bibas.<\/p>\n<\/div>\n<div id=\"734185-Libre-404833874_copyright\" class=\"embed_copyright\"><\/div>\n<\/div>\n<p class=\"\">De la madre y de los dos ni\u00f1os,\u00a0<strong>la brigada Al Qassam declar\u00f3 en noviembre de 2023 que murieron en un bombardeo israel\u00ed. Pero las Fuerzas de Defensa de Israel (FDI), en todos estos meses, nunca encontraron ninguna prueba.<\/strong><\/p>\n<p class=\"\">Tambi\u00e9n de\u00a0<strong>Hannah Katzir los terroristas hab\u00edan afirmado que estaba muerta<\/strong>, pero luego la liberaron durante el alto el fuego de noviembre de 2023. En los mismos d\u00edas en que se deber\u00edan haber liberado tambi\u00e9n a los dos ni\u00f1os y la madre. Pero eso no sucedi\u00f3. Como civil y mujer, Shiri Bibas deber\u00eda haber sido una de las primeras liberadas del nuevo acuerdo firmado en Doha. Pero no ser\u00e1 liberada, ni tampoco sus hijos, en las pr\u00f3ximas dos tandas de ma\u00f1ana y el s\u00e1bado.<\/p>\n<\/div>\n<\/article>\n","protected":false},"excerpt":{"rendered":"<p>Israel recibi\u00f3 este mi\u00e9rcoles la lista de los rehenes que ser\u00e1n liberados este jueves por Ham\u00e1s\u00a0como parte de la\u00a0tregua en<\/p>\n","protected":false},"author":1,"featured_media":21621,"comment_status":"closed","ping_status":"closed","sticky":false,"template":"","format":"standard","meta":{"footnotes":"","jetpack_publicize_message":"","jetpack_publicize_feature_enabled":true,"jetpack_social_post_already_shared":true,"jetpack_social_options":{"image_generator_settings":{"template":"highway","enabled":false},"version":2}},"categories":[6],"tags":[],"class_list":["post-21620","post","type-post","status-publish","format-standard","has-post-thumbnail","hentry","category-internacionales"],"jetpack_publicize_connections":[],"_links":{"self":[{"href":"https:\/\/diariorepublica.com.ar\/web\/index.php\/wp-json\/wp\/v2\/posts\/21620"}],"collection":[{"href":"https:\/\/diariorepublica.com.ar\/web\/index.php\/wp-json\/wp\/v2\/posts"}],"about":[{"href":"https:\/\/diariorepublica.com.ar\/web\/index.php\/wp-json\/wp\/v2\/types\/post"}],"author":[{"embeddable":true,"href":"https:\/\/diariorepublica.com.ar\/web\/index.php\/wp-json\/wp\/v2\/users\/1"}],"replies":[{"embeddable":true,"href":"https:\/\/diariorepublica.com.ar\/web\/index.php\/wp-json\/wp\/v2\/comments?post=21620"}],"version-history":[{"count":1,"href":"https:\/\/diariorepublica.com.ar\/web\/index.php\/wp-json\/wp\/v2\/posts\/21620\/revisions"}],"predecessor-version":[{"id":21622,"href":"https:\/\/diariorepublica.com.ar\/web\/index.php\/wp-json\/wp\/v2\/posts\/21620\/revisions\/21622"}],"wp:featuredmedia":[{"embeddable":true,"href":"https:\/\/diariorepublica.com.ar\/web\/index.php\/wp-json\/wp\/v2\/media\/21621"}],"wp:attachment":[{"href":"https:\/\/diariorepublica.com.ar\/web\/index.php\/wp-json\/wp\/v2\/media?parent=21620"}],"wp:term":[{"taxonomy":"category","embeddable":true,"href":"https:\/\/diariorepublica.com.ar\/web\/index.php\/wp-json\/wp\/v2\/categories?post=21620"},{"taxonomy":"post_tag","embeddable":true,"href":"https:\/\/diariorepublica.com.ar\/web\/index.php\/wp-json\/wp\/v2\/tags?post=21620"}],"curies":[{"name":"wp","href":"https:\/\/api.w.org\/{rel}","templated":true}]}}