{"id":21672,"date":"2025-02-05T10:08:00","date_gmt":"2025-02-05T13:08:00","guid":{"rendered":"https:\/\/diariorepublica.com.ar\/web\/?p=21672"},"modified":"2025-02-05T14:15:28","modified_gmt":"2025-02-05T17:15:28","slug":"arrestaron-otra-vez-a-morena-rial","status":"publish","type":"post","link":"https:\/\/diariorepublica.com.ar\/web\/index.php\/nacionales\/2025\/02\/05\/arrestaron-otra-vez-a-morena-rial\/","title":{"rendered":"Arrestaron otra vez a Morena Rial"},"content":{"rendered":"<p>Pocas semanas despu\u00e9s de haber quedado involucrada en un hecho delictivo en San Isidro, Morena Rial volvi\u00f3 a ser detenida por un nuevo robo que habr\u00eda protagonizado a mediados de enero de este a\u00f1o junto a otros hombres en un domicilio particular de la localidad bonaerense de Villa Adelina.<\/p>\n<p>La investigaci\u00f3n est\u00e1 a cargo de la Unidad Funcional de Instrucci\u00f3n (UFI) de Mart\u00ednez, conducida por el fiscal general adjunto de San Isidro, Patricio Ferrari, quien tuvo la colaboraci\u00f3n de personal de la Superintendencia de Seguridad Regi\u00f3n AMBA Norte 1 de la polic\u00eda bonaerense, dirigida por el comisario mayor Lucas Borge. La joven, de 25 a\u00f1os, fue trasladada a la sede de la Comisar\u00eda Vecinal 1 B de la Ciudad y se le incaut\u00f3 su tel\u00e9fono celular.<\/p>\n<p class=\"com-paragraph   --s\">El episodio por el que qued\u00f3 detenida ocurri\u00f3 el pasado 18 de enero, cuando Rial y por lo menos otras tres personas irrumpieron de forma violenta en el domicilio de la calle Jos\u00e9 Mar\u00eda Moreno 2275 al\u00a0<strong>romper una ventana para sustraer \u201cpertenencias varias\u201d<\/strong>.<\/p>\n<p class=\"com-paragraph   --s\">Semanas atr\u00e1s, se hab\u00eda conocido la primera detenci\u00f3n de Morena cuando\u00a0<strong>fue interceptada por oficiales a bordo de un veh\u00edculo en el que se desplazaba junto a un grupo de j\u00f3venes y su beb\u00e9 de tres meses<\/strong>. Seg\u00fan se supo, minutos antes, habr\u00edan intentado ingresar a\u00a0<strong>robar\u00a0<\/strong>a una vivienda. En esa oportunidad, un vecino dio aviso a la patrulla vecinal de San Isidro por falta de suministro el\u00e9ctrico en su vivienda a trav\u00e9s del programa de seguridad \u201cOjos en alerta\u201d.<\/p>\n<p class=\"com-paragraph   --s\">\u201cGracias al material f\u00edlmico aportado por un vecino, se visualiz\u00f3 que dos masculinos bajaban la t\u00e9rmica de su domicilio,\u00a0<strong>en tentativa de escruche<\/strong>\u201d, informaron entonces fuentes municipales a\u00a0<strong>LA NACION<\/strong>. Tras poner en marcha un operativo con c\u00e1maras del personal del Centro de Operaciones de San Isidro, identificaron que los sospechosos -entre los que se encontraba la joven- se trasladaban en un veh\u00edculo Fiat Cronos color gris.<\/p>\n<p class=\"com-paragraph   --s\">Tras una breve\u00a0<strong>persecuci\u00f3n<\/strong>, el veh\u00edculo fue interceptado en el cruce de las calles General Piran y Santa Fe,<strong>\u00a0<\/strong>en la misma localidad. En el interior estaban Morena Rial junto a otra mujer y tres hombres a los cuales se les secuestraron tel\u00e9fonos celulares, guantes, barretas y criques; todos fueron trasladados a la Comisar\u00eda N\u00b010 de Mart\u00ednez, San Isidro. Los vecinos hicieron la denuncia y ella fue demorada, pero\u00a0<strong>horas despu\u00e9s qued\u00f3 en libertad<\/strong>.<\/p>\n<p>Horas despu\u00e9s de ese hecho, Rial fue a cenar a un restaurante de Palermo junto a su pareja, su beb\u00e9, su abogado Alejandro Cipolla y algunos amigos. \u201cEst\u00e1 todo bien. No voy a responder muchas cosas, la verdad\u201d, dijo a los medios cuando se retiraba del lugar.<\/p>\n<p>D\u00edas m\u00e1s tarde Cipolla comparti\u00f3 un mensaje en su cuenta de la red social Instagram en donde asegur\u00f3 que se trat\u00f3 de una confusi\u00f3n y que la medi\u00e1tica qued\u00f3 en libertad. \u201cPor suerte pude explicar toda la situaci\u00f3n y More Rial consigui\u00f3 su libertad. Fue todo una confusi\u00f3n, por suerte la verdad sali\u00f3 a la luz\u201d, detall\u00f3 el abogado.<\/p>\n<p>Nuevas declaraciones del abogado de Morena Rial<br \/>\nTras conocerse la noticia de la nueva detenci\u00f3n de la joven, Cipolla se refiri\u00f3 a lo ocurrido y confirm\u00f3 que tambi\u00e9n hay grabaciones de este episodio.<\/p>\n<p>\u201cLos videos no dicen mucho, es ella en un auto. Desconozco totalmente la prueba que haya contra ella, pero si es robo o hurto es excarcelable\u201d, dijo el abogado de la joven.<\/p>\n<p>\u201cHabl\u00e9 poco y nada, me preocup\u00e9 por c\u00f3mo estaba. Ella estaba devastada y llorando por no ver a su beb\u00e9, que mientras tanto se va a quedar con su abuelo y su t\u00eda, en las mejores manos posibles\u201d, a\u00f1adi\u00f3 el letrado en di\u00e1logo con TN y marc\u00f3: \u201cAhora, Morena va a tomar m\u00e1s recaudos que los que ten\u00eda antes respecto de las personas que la rodean, el entorno va a ser mucho m\u00e1s cuidado y estricto. Despu\u00e9s del episodio anterior yo hab\u00eda hablado con ella, la hab\u00eda convencido para que empezara a estudiar derecho, a trabajar conmigo y tener una vida m\u00e1s prolija en Buenos Aires\u201d.<\/p>\n<p>LA NACION<\/p>\n","protected":false},"excerpt":{"rendered":"<p>Pocas semanas despu\u00e9s de haber quedado involucrada en un hecho delictivo en San Isidro, Morena Rial volvi\u00f3 a ser detenida<\/p>\n","protected":false},"author":1,"featured_media":21673,"comment_status":"closed","ping_status":"closed","sticky":false,"template":"","format":"standard","meta":{"footnotes":"","jetpack_publicize_message":"","jetpack_publicize_feature_enabled":true,"jetpack_social_post_already_shared":true,"jetpack_social_options":{"image_generator_settings":{"template":"highway","enabled":false},"version":2}},"categories":[4],"tags":[],"class_list":["post-21672","post","type-post","status-publish","format-standard","has-post-thumbnail","hentry","category-nacionales"],"jetpack_publicize_connections":[],"_links":{"self":[{"href":"https:\/\/diariorepublica.com.ar\/web\/index.php\/wp-json\/wp\/v2\/posts\/21672"}],"collection":[{"href":"https:\/\/diariorepublica.com.ar\/web\/index.php\/wp-json\/wp\/v2\/posts"}],"about":[{"href":"https:\/\/diariorepublica.com.ar\/web\/index.php\/wp-json\/wp\/v2\/types\/post"}],"author":[{"embeddable":true,"href":"https:\/\/diariorepublica.com.ar\/web\/index.php\/wp-json\/wp\/v2\/users\/1"}],"replies":[{"embeddable":true,"href":"https:\/\/diariorepublica.com.ar\/web\/index.php\/wp-json\/wp\/v2\/comments?post=21672"}],"version-history":[{"count":1,"href":"https:\/\/diariorepublica.com.ar\/web\/index.php\/wp-json\/wp\/v2\/posts\/21672\/revisions"}],"predecessor-version":[{"id":21674,"href":"https:\/\/diariorepublica.com.ar\/web\/index.php\/wp-json\/wp\/v2\/posts\/21672\/revisions\/21674"}],"wp:featuredmedia":[{"embeddable":true,"href":"https:\/\/diariorepublica.com.ar\/web\/index.php\/wp-json\/wp\/v2\/media\/21673"}],"wp:attachment":[{"href":"https:\/\/diariorepublica.com.ar\/web\/index.php\/wp-json\/wp\/v2\/media?parent=21672"}],"wp:term":[{"taxonomy":"category","embeddable":true,"href":"https:\/\/diariorepublica.com.ar\/web\/index.php\/wp-json\/wp\/v2\/categories?post=21672"},{"taxonomy":"post_tag","embeddable":true,"href":"https:\/\/diariorepublica.com.ar\/web\/index.php\/wp-json\/wp\/v2\/tags?post=21672"}],"curies":[{"name":"wp","href":"https:\/\/api.w.org\/{rel}","templated":true}]}}