{"id":21675,"date":"2025-02-05T11:12:00","date_gmt":"2025-02-05T14:12:00","guid":{"rendered":"https:\/\/diariorepublica.com.ar\/web\/?p=21675"},"modified":"2025-02-05T14:15:02","modified_gmt":"2025-02-05T17:15:02","slug":"jorge-rial-sobre-la-detencion-de-su-hija-morena-lo-que-siento-es-verguenza-y-ahora-primordialmente-me-interesa-mi-nieto","status":"publish","type":"post","link":"https:\/\/diariorepublica.com.ar\/web\/index.php\/nacionales\/2025\/02\/05\/jorge-rial-sobre-la-detencion-de-su-hija-morena-lo-que-siento-es-verguenza-y-ahora-primordialmente-me-interesa-mi-nieto\/","title":{"rendered":"Jorge Rial, sobre la detenci\u00f3n de su hija Morena: \u201cLo que siento es verg\u00fcenza y ahora primordialmente me interesa mi nieto\u201d"},"content":{"rendered":"<p>Jorge Rial, esta ma\u00f1ana en su programa de Radio 10, rompi\u00f3 el silencio y habl\u00f3 sobre la nueva detenci\u00f3n de su hija Morena quien, en la madrugada de hoy, fue detenida por un hecho delictivo ocurrido a mediados de enero en Villa Adelina.<\/p>\n<p>\u201cMorena ten\u00eda una orden de captura. En este momento est\u00e1 en una comisaria de Capital y va a ser trasladada a la provincia que es donde se cometieron los delitos. Hubo una previa hace unos d\u00edas, el 22, ahora es un hecho distinto y previo. No voy a dar m\u00e1s detalles\u201d.<\/p>\n<p class=\"com-paragraph   --s\">Y agreg\u00f3: \u201c<strong>Ahora me interesa primordialmente Amadeo,\u00a0<\/strong>mi nieto. \u00c9l va a estar conmigo hasta que esto se resuelva de alguna manera. La resoluci\u00f3n depende de la Justicia y no de m\u00ed, yo lo \u00fanico que estoy velando en este momento es por la salud y el bienestar de mi nieto, que es lo que m\u00e1s me importa. Tambi\u00e9n me importa mi hija\u201d.<\/p>\n<p class=\"com-paragraph   --s\">Asimismo, el periodista se refiri\u00f3 a la turbulenta relaci\u00f3n que tiene con su hija mayor: \u201cLas diferencias hist\u00f3ricas que tengo con mi hija son de p\u00fablico conocimiento porque yo soy p\u00fablico. No les voy a contar todo lo que vivimos, todo lo que sufr\u00ed&#8230;<strong>\u00a0No hay un manual para ser padre, la crie lo mejor que pude<\/strong>. Tengo dos hijas, las crie iguales. Una es Morena, que eligi\u00f3 alejarse de m\u00ed y<strong>\u00a0eligi\u00f3 una vida casi marginal,<\/strong>\u00a0que yo nunca aprob\u00e9. Intent\u00e9 muchas veces, de hecho, hasta ayer estuve hablando con ella. Yo nunca la dej\u00e9 abandonada, aunque sea con distancia quise monitorearla y tratar de cambiarle esa actitud. Son decisiones de vida, ella es mayor de edad. Hasta donde pude hice, de alguna forma yo tambi\u00e9n fui v\u00edctima de las actitudes marginales de mi hija.\u00a0<strong>Lo que siento ahora es verg\u00fcenza\u201d.<\/strong><\/p>\n<div class=\"com-embed --youtube\"><iframe loading=\"lazy\" title=\"EL DESCARGO DE JORGE RIAL SOBRE LA DETENCI\u00d3N DE SU HIJA MORENA | #ARGENZUELA\" src=\"https:\/\/www.youtube.com\/embed\/-njfz6FIVkE?feature=oembed\" width=\"560\" height=\"315\" frameborder=\"0\" allowfullscreen=\"allowfullscreen\" data-mce-fragment=\"1\"><\/iframe><\/div>\n<div class=\"ln-banner-container --middle_2_dsk\">\n<div id=\"middle_2_dsk\" class=\"ln-banner up-show\" data-slot-group=\"nota\" data-device=\"desktop\" data-subscription=\"true\" data-ad-unit-path=\"\/133919216\/la_nacion_desktop\/Nota\/middle_2_dsk\" data-targeting=\"{&quot;sitio&quot;:&quot;lanacion&quot;,&quot;seccion&quot;:&quot;nota&quot;}\" data-without-hide=\"true\" data-size=\"[[1,1],[728,90]]\" data-sizemap=\"[]\" data-prebid-enabled=\"true\" data-google-query-id=\"CPzZm7b-rIsDFbVU3QIdB2AviQ\">\n<p>Rial record\u00f3 una de las \u00faltimas conversaciones que tuvo con Morena, donde ella le habl\u00f3 de su deseo de \u201cencauzar su vida\u201d y estudiar abogac\u00eda, aunque \u00e9l reconoci\u00f3 que siempre desconfi\u00f3 porque no era la primera vez que su hija emprend\u00eda alg\u00fan proyecto y lo abandonaba. \u201cSeguramente la voy a seguir apoyando, pero no en esto. Nunca voy a justificarla bajo ning\u00fan punto de vista. Es la Justicia la que debe decidir el destino de Morena. En realidad, quien decidi\u00f3 su destino fue Morena. Yo no voy a intervenir ni para morigerar ni para nada, creo que se tiene que hacer responsable, que es una mujer independiente que tom\u00f3 decisiones equivocadas en su vida, que decidi\u00f3 escuchar a otra gente y no a los que queremos que le vaya bien, y uno tiene que hacerse responsable de sus actos\u201d, continu\u00f3 en su descargo.<\/p>\n<p>\u201cNada de esto me sorprende, lamentablemente. Mis amigos y compa\u00f1eros saben que yo siempre dec\u00eda que esperaba una llamada a la madrugada, y lleg\u00f3. Yo no pod\u00eda hacer nada m\u00e1s, cuando me acercaba me repel\u00eda, p\u00fablicamente me rechazaba. Ustedes saben lo que sufr\u00ed, lo mal que la pas\u00e9 cuando tuve el ataque al coraz\u00f3n, y esta m\u00e1quina medi\u00e1tica que se alimenta de alguien que le gusta dar ese alimento. Mi hija era \u00e1vida de dar el show necesario. Lo hizo y me us\u00f3 a m\u00ed para despellejarme. Ni siquiera as\u00ed logr\u00f3 alejarme, porque la amo y porque es mi hija, y porque, sobre todo, amo a mis dos nietos\u201d, dijo el conductor de radio.<\/p>\n<p>En otro tramo de su descargo, Rial pidi\u00f3 que no haya privilegios en el tratamiento de la causa de su hija en la Justicia. \u201cSi cometi\u00f3 delitos, tiene que pagar por eso, porque sab\u00eda lo que hac\u00eda, y ojal\u00e1 esto le sirva para aprender. As\u00ed como apost\u00e9 a sus dos embarazos, donde pens\u00e9 que eran momentos en los que iba a cambiar, pero no cambi\u00f3. Mi hija ten\u00eda y tiene todo para hacer lo que quisiera, para estudiar lo que quisiera, para tener una vida mejor que esta, pero su elecci\u00f3n fue otra, no s\u00e9 por qu\u00e9. Ella me dice \u2018pap\u00e1, lo hice porque no ten\u00eda otra cosa que hacer\u2019. Eso me indign\u00f3, lo \u00faltimo que uno tiene que hacer es cometer un delito, hay mil cosas antes, dejarse ayudar, laburar. Para m\u00ed eso no es excusa y no se la voy a aceptar nunca\u201d, remarc\u00f3, aunque asegur\u00f3 que no la va a abandonar ni a dejar sola, fundamentalmente por su nieto menor, que tiene seis meses.<\/p>\n<\/div>\n<\/div>\n","protected":false},"excerpt":{"rendered":"<p>Jorge Rial, esta ma\u00f1ana en su programa de Radio 10, rompi\u00f3 el silencio y habl\u00f3 sobre la nueva detenci\u00f3n de<\/p>\n","protected":false},"author":1,"featured_media":21676,"comment_status":"closed","ping_status":"closed","sticky":false,"template":"","format":"standard","meta":{"footnotes":"","jetpack_publicize_message":"","jetpack_publicize_feature_enabled":true,"jetpack_social_post_already_shared":true,"jetpack_social_options":{"image_generator_settings":{"template":"highway","enabled":false},"version":2}},"categories":[4],"tags":[],"class_list":["post-21675","post","type-post","status-publish","format-standard","has-post-thumbnail","hentry","category-nacionales"],"jetpack_publicize_connections":[],"_links":{"self":[{"href":"https:\/\/diariorepublica.com.ar\/web\/index.php\/wp-json\/wp\/v2\/posts\/21675"}],"collection":[{"href":"https:\/\/diariorepublica.com.ar\/web\/index.php\/wp-json\/wp\/v2\/posts"}],"about":[{"href":"https:\/\/diariorepublica.com.ar\/web\/index.php\/wp-json\/wp\/v2\/types\/post"}],"author":[{"embeddable":true,"href":"https:\/\/diariorepublica.com.ar\/web\/index.php\/wp-json\/wp\/v2\/users\/1"}],"replies":[{"embeddable":true,"href":"https:\/\/diariorepublica.com.ar\/web\/index.php\/wp-json\/wp\/v2\/comments?post=21675"}],"version-history":[{"count":1,"href":"https:\/\/diariorepublica.com.ar\/web\/index.php\/wp-json\/wp\/v2\/posts\/21675\/revisions"}],"predecessor-version":[{"id":21677,"href":"https:\/\/diariorepublica.com.ar\/web\/index.php\/wp-json\/wp\/v2\/posts\/21675\/revisions\/21677"}],"wp:featuredmedia":[{"embeddable":true,"href":"https:\/\/diariorepublica.com.ar\/web\/index.php\/wp-json\/wp\/v2\/media\/21676"}],"wp:attachment":[{"href":"https:\/\/diariorepublica.com.ar\/web\/index.php\/wp-json\/wp\/v2\/media?parent=21675"}],"wp:term":[{"taxonomy":"category","embeddable":true,"href":"https:\/\/diariorepublica.com.ar\/web\/index.php\/wp-json\/wp\/v2\/categories?post=21675"},{"taxonomy":"post_tag","embeddable":true,"href":"https:\/\/diariorepublica.com.ar\/web\/index.php\/wp-json\/wp\/v2\/tags?post=21675"}],"curies":[{"name":"wp","href":"https:\/\/api.w.org\/{rel}","templated":true}]}}