{"id":21678,"date":"2025-02-05T11:35:00","date_gmt":"2025-02-05T14:35:00","guid":{"rendered":"https:\/\/diariorepublica.com.ar\/web\/?p=21678"},"modified":"2025-02-05T14:18:00","modified_gmt":"2025-02-05T17:18:00","slug":"el-gobierno-anuncio-que-la-argentina-se-retira-de-la-oms","status":"publish","type":"post","link":"https:\/\/diariorepublica.com.ar\/web\/index.php\/politica\/2025\/02\/05\/el-gobierno-anuncio-que-la-argentina-se-retira-de-la-oms\/","title":{"rendered":"El Gobierno anunci\u00f3 que la Argentina se retira de la OMS"},"content":{"rendered":"<p>El gobierno Nacional va a retirar a la Argentina de la Organizaci\u00f3n Mundial de la Salud (OMS). As\u00ed lo confirm\u00f3 este mi\u00e9rcoles el vocero presidencial Manuel Adorni en su habitual conferencia de prensa en Casa Rosada. La decisi\u00f3n se basa en \u00abprofundas diferencias de la gesti\u00f3n sanitaria\u00bb, durante la gesti\u00f3n del expresidente Alberto Fern\u00e1ndez.<\/p>\n<p>\u00abEl presidente Milei instruyo al canciller Gerardo Werthein para retirar a la participaci\u00f3n de la Argentina en la OMS\u00bb, expres\u00f3 Adorni. La decisi\u00f3n del gobierno nacional llega luego de que el presidente de los Estados Unidos, Donald Trump, haga tambi\u00e9n efectiva la salida del pa\u00eds norteamericano de la organizaci\u00f3n.<\/p>\n<article class=\"article-body article-body--third-paragraph content-protected-false\">a decisi\u00f3n, precis\u00f3 el vocero, \u00abse sustenta en las profundas diferencias respecto de la gesti\u00f3n sanitaria, especialmente durante la pandemia, que junto al gobierno de Alberto Fern\u00e1ndez nos llevaron\u00a0<strong>al encierro m\u00e1s largo de la historia de la humanidad<\/strong>\u00a0y a la falta de independencia frente a la influencia pol\u00edtica de algunos estados\u00bb, indic\u00f3.<\/p>\n<\/article>\n<article class=\"article-body article-body--fourth-paragraph content-protected-false\">\n<div id=\"8035841-Libre-996353373_wrap\" class=\"embed_cont type_imagen\" contenteditable=\"false\">\n<div id=\"8035841-Libre-996353373_content\" class=\"embed_content\"><img decoding=\"async\" id=\"8035841-Libre-996353373_embed\" title=\"El comunicado oficial que confirma la salida del pa\u00eds de la OMS.\" src=\"https:\/\/media.ambito.com\/p\/7d4b9664f38e90c0480c10652980acf0\/adjuntos\/239\/imagenes\/042\/163\/0042163143\/730x0\/smart\/oms-salidajpeg.jpeg\" alt=\"El comunicado oficial que confirma la salida del pa\u00eds de la OMS.\" width=\"730\" height=\"undefined\" data-td-src-property=\"https:\/\/media.ambito.com\/p\/7d4b9664f38e90c0480c10652980acf0\/adjuntos\/239\/imagenes\/042\/163\/0042163143\/730x0\/smart\/oms-salidajpeg.jpeg\" \/><\/div>\n<div id=\"8035841-Libre-996353373_epigrafe\" class=\"embed_epigrafe\">\n<p>El comunicado oficial que confirma la salida del pa\u00eds de la OMS.<\/p>\n<\/div>\n<div id=\"8035841-Libre-996353373_copyright\" class=\"embed_copyright\">Oficina del Presidente<\/div>\n<\/div>\n<p>En detalle, el vocero presidencial afirm\u00f3 que \u00abesta medida no representa perdida de fondos para el pa\u00eds ni afecta a la calidad de los servicios\u00bb que se ofrecen en materia de salud. \u00abPor el contrario, le da al pa\u00eds\u00a0<strong>mayor flexibilidad para implementar pol\u00edticas adaptadas al contexto e intereses que requiere\u00a0<\/strong>la Argentina, as\u00ed como tambi\u00e9n mayor disponibilidad de recursos\u00bb, detall\u00f3.\u00a0<strong>Seg\u00fan pudo averiguar \u00c1mbito<\/strong>, la participaci\u00f3n del pa\u00eds en la organizaci\u00f3n cuesta\u00a0<strong>u$s10.000.000 anuales.<\/strong><\/p>\n<\/article>\n<article class=\"article-body article-body--remaining-paragraph content-protected-false\">El comunicado oficial del Gobierno asegur\u00f3 que \u00ab<strong>hoy la evidencia indica que las recetas de la OMS no funcionan porque son el resultado de la influencia pol\u00edtica, no basadas en la ciencia<\/strong>\u00bb y acusaron que la organizaci\u00f3n \u00ablejos de admitir errores, elige continuar asumiendo competencias que no le corresponden y limitando la soberan\u00eda de los pa\u00edses\u00bb.<\/p>\n<p>De esta manera,\u00a0<strong>el Gobierno sigue la l\u00ednea marcada por Donald Trump<\/strong>\u00a0qui\u00e9n, tras su llegada a la presidencia, tomo la determinaci\u00f3n de retirar a Estados Unidos del organismo internacional dedicado a la salud. Posterior a esto, desde la OMS anunciaron una serie de recortes ya que el pa\u00eds norteamericano es un donante clave:\u00a0<strong>entre 2022 y 2023 entreg\u00f3 unos u$s1.300 millones de d\u00f3lares a la agencia.<\/strong><\/p>\n<p>ambito.com<\/p>\n<\/article>\n","protected":false},"excerpt":{"rendered":"<p>El gobierno Nacional va a retirar a la Argentina de la Organizaci\u00f3n Mundial de la Salud (OMS). As\u00ed lo confirm\u00f3<\/p>\n","protected":false},"author":1,"featured_media":21679,"comment_status":"closed","ping_status":"closed","sticky":false,"template":"","format":"standard","meta":{"footnotes":"","jetpack_publicize_message":"","jetpack_publicize_feature_enabled":true,"jetpack_social_post_already_shared":true,"jetpack_social_options":{"image_generator_settings":{"template":"highway","enabled":false},"version":2}},"categories":[12],"tags":[],"class_list":["post-21678","post","type-post","status-publish","format-standard","has-post-thumbnail","hentry","category-politica"],"jetpack_publicize_connections":[],"_links":{"self":[{"href":"https:\/\/diariorepublica.com.ar\/web\/index.php\/wp-json\/wp\/v2\/posts\/21678"}],"collection":[{"href":"https:\/\/diariorepublica.com.ar\/web\/index.php\/wp-json\/wp\/v2\/posts"}],"about":[{"href":"https:\/\/diariorepublica.com.ar\/web\/index.php\/wp-json\/wp\/v2\/types\/post"}],"author":[{"embeddable":true,"href":"https:\/\/diariorepublica.com.ar\/web\/index.php\/wp-json\/wp\/v2\/users\/1"}],"replies":[{"embeddable":true,"href":"https:\/\/diariorepublica.com.ar\/web\/index.php\/wp-json\/wp\/v2\/comments?post=21678"}],"version-history":[{"count":1,"href":"https:\/\/diariorepublica.com.ar\/web\/index.php\/wp-json\/wp\/v2\/posts\/21678\/revisions"}],"predecessor-version":[{"id":21680,"href":"https:\/\/diariorepublica.com.ar\/web\/index.php\/wp-json\/wp\/v2\/posts\/21678\/revisions\/21680"}],"wp:featuredmedia":[{"embeddable":true,"href":"https:\/\/diariorepublica.com.ar\/web\/index.php\/wp-json\/wp\/v2\/media\/21679"}],"wp:attachment":[{"href":"https:\/\/diariorepublica.com.ar\/web\/index.php\/wp-json\/wp\/v2\/media?parent=21678"}],"wp:term":[{"taxonomy":"category","embeddable":true,"href":"https:\/\/diariorepublica.com.ar\/web\/index.php\/wp-json\/wp\/v2\/categories?post=21678"},{"taxonomy":"post_tag","embeddable":true,"href":"https:\/\/diariorepublica.com.ar\/web\/index.php\/wp-json\/wp\/v2\/tags?post=21678"}],"curies":[{"name":"wp","href":"https:\/\/api.w.org\/{rel}","templated":true}]}}