{"id":21714,"date":"2025-02-10T19:28:43","date_gmt":"2025-02-10T22:28:43","guid":{"rendered":"https:\/\/diariorepublica.com.ar\/web\/?p=21714"},"modified":"2025-02-10T19:28:46","modified_gmt":"2025-02-10T22:28:46","slug":"hamas-suspendio-la-liberacion-de-rehenes-en-gaza-por-tiempo-indefinido","status":"publish","type":"post","link":"https:\/\/diariorepublica.com.ar\/web\/index.php\/internacionales\/2025\/02\/10\/hamas-suspendio-la-liberacion-de-rehenes-en-gaza-por-tiempo-indefinido\/","title":{"rendered":"Hamas suspendi\u00f3 la liberaci\u00f3n de rehenes en Gaza por tiempo indefinido"},"content":{"rendered":"<p>El movimiento palestino\u00a0<strong>Hamas anunci\u00f3\u00a0este lunes el aplazamiento indefinido de la pr\u00f3xima liberaci\u00f3n de rehenes israel\u00edes<\/strong>\u00a0prevista en el marco de la\u00a0<strong>tregua en Gaza<\/strong>, provocando\u00a0enojo de Israel, que orden\u00f3 al ej\u00e9rcito prepararse para \u00abtodos los escenarios\u00bb.<\/p>\n<p>Con la tregua en riesgo de desmoronarse, el presidente de Estados Unidos,\u00a0<strong>Donald Trump<\/strong>, volvi\u00f3 a la carga afirmando que los palestinos no tendr\u00e1n derecho a regresar a Gaza, seg\u00fan su propuesta para tomar el control de ese territorio.<\/p>\n<p>Seg\u00fan el acuerdo de tregua que entr\u00f3 en vigor el 19 de enero, tras 15 meses de una devastadora guerra en Gaza,\u00a0<strong>la pr\u00f3xima liberaci\u00f3n de rehenes israel\u00edes a cambio de presos palestinos estaba prevista para el s\u00e1bado<\/strong>.<\/p>\n<p>Los rehenes fueron secuestrados el 7 de octubre de 2023 por milicianos de Ham\u00e1s durante su sangriento ataque contra el sur de Israel, que desencaden\u00f3 el conflicto.<\/p>\n<p>\u00abLa liberaci\u00f3n de prisioneros que estaba programada para el pr\u00f3ximo s\u00e1bado, 15 de febrero de 2025,\u00a0<strong>se aplazar\u00e1 hasta nuevo aviso, dependiendo del cumplimiento de lo acordado sobre la ocupaci\u00f3n y los compromisos retroactivos de las pasadas semanas\u00bb<\/strong>, declar\u00f3\u00a0<strong>Abu Ubaida<\/strong>, portavoz del brazo armado del grupo islamista, las Brigadas Ezedin Al Qasam, en un comunicado.<\/p>\n<p>El ministro israel\u00ed de Defensa, Israel Katz, reaccion\u00f3 denunciando una \u00abviolaci\u00f3n total del acuerdo de alto el fuego y de liberaci\u00f3n de los rehenes\u00bb y afirm\u00f3 en un comunicado que el ej\u00e9rcito recibi\u00f3 la orden de \u00abprepararse para todos los escenarios\u00bb.<\/p>\n<p><strong>&#8211; Tregua \u00aben peligro\u00bb &#8211;<\/strong><\/p>\n<p>El s\u00e1bado, un alto cargo pol\u00edtico de Ham\u00e1s, Basem Naim, acus\u00f3 a Israel de poner \u00aben peligro\u00bb el alto el fuego, asegurando que este \u00abpodr\u00eda detenerse y fracasar\u00bb.<\/p>\n<p>Ese mismo d\u00eda, un quinto intercambio de rehenes israel\u00edes en Gaza y prisioneros palestinos detenidos por Israel se produjo seg\u00fan los t\u00e9rminos del acuerdo, alcanzado bajo los auspicios de los mediadores catar\u00ed, egipcio y estadounidense.<\/p>\n<p>Tres rehenes israel\u00edes, visiblemente demacrados, fueron liberados en una nueva ceremonia organizada por Hamas a cambio de 183 palestinos.<\/p>\n<p>El primer ministro israel\u00ed,\u00a0<strong>Benjamin Netanyahu<\/strong>, dijo que las im\u00e1genes eran \u00abchocantes\u00bb y prometi\u00f3 una vez m\u00e1s \u00abeliminar\u00bb a Ham\u00e1s y traer de vuelta a los rehenes todav\u00eda cautivos.<\/p>\n<p>El 7 de octubre de 2023, milicianos islamistas mataron a 1.210 personas en Israel, en su mayor\u00eda civiles, seg\u00fan un recuento de AFP basado en datos oficiales israel\u00edes.<\/p>\n<p>Tambi\u00e9n secuestraron a 251 personas, de las cuales 73 siguen en Gaza, incluidas 34 que habr\u00edan muerto, seg\u00fan el ej\u00e9rcito.<\/p>\n<p>La ofensiva lanzada en respuesta por Israel ha matado al menos a 48.209 personas en Gaza, tambi\u00e9n civiles en su mayor\u00eda, seg\u00fan datos del Ministerio de Salud del territorio gobernado por Hamas, considerados fiables por la ONU.<\/p>\n<p><strong>&#8211; Regresar a Gaza &#8211;<\/strong><\/p>\n<p>Desde el inicio de la tregua en enero, 16 rehenes israel\u00edes fueron liberados a cambio de 765 presos, en su mayor\u00eda palestinos.<\/p>\n<p>Seg\u00fan el acuerdo, otros 17 rehenes deber\u00edan ser liberados antes de que finalice la primera fase de la tregua, de 42 d\u00edas.<\/p>\n<p>La segunda fase deber\u00eda conducir a la liberaci\u00f3n de todos los rehenes y al fin definitivo de la guerra, pero las negociaciones previstas sobre esta etapa a\u00fan no comenzaron.<\/p>\n<p>La semana pasada, Donald Trump afirm\u00f3 durante la visita de Netanyahu en Washington que Estados Unidos tomar\u00eda el \u00abcontrol\u00bb de Gaza para desarrollar la econom\u00eda del territorio asolado, proponiendo trasladar a los gazat\u00edes a Egipto o Jordania.<\/p>\n<p>Seg\u00fan un extracto emitido el lunes de una entrevista en la cadena Fox News, el presidente habr\u00eda afirmado que los palestinos no tendr\u00edan derecho a regresar a Gaza \u00abporque van a tener viviendas mucho mejores\u00bb.<\/p>\n<p>Su jefe de la diplomacia, Marco Rubio, tiene previsto viajar a Oriente Medio esta semana.<\/p>\n<p>Fuente: AFP.<\/p>\n","protected":false},"excerpt":{"rendered":"<p>El movimiento palestino\u00a0Hamas anunci\u00f3\u00a0este lunes el aplazamiento indefinido de la pr\u00f3xima liberaci\u00f3n de rehenes israel\u00edes\u00a0prevista en el marco de la\u00a0tregua<\/p>\n","protected":false},"author":1,"featured_media":21715,"comment_status":"closed","ping_status":"closed","sticky":false,"template":"","format":"standard","meta":{"footnotes":"","jetpack_publicize_message":"","jetpack_publicize_feature_enabled":true,"jetpack_social_post_already_shared":true,"jetpack_social_options":{"image_generator_settings":{"template":"highway","enabled":false},"version":2}},"categories":[6],"tags":[],"class_list":["post-21714","post","type-post","status-publish","format-standard","has-post-thumbnail","hentry","category-internacionales"],"jetpack_publicize_connections":[],"_links":{"self":[{"href":"https:\/\/diariorepublica.com.ar\/web\/index.php\/wp-json\/wp\/v2\/posts\/21714"}],"collection":[{"href":"https:\/\/diariorepublica.com.ar\/web\/index.php\/wp-json\/wp\/v2\/posts"}],"about":[{"href":"https:\/\/diariorepublica.com.ar\/web\/index.php\/wp-json\/wp\/v2\/types\/post"}],"author":[{"embeddable":true,"href":"https:\/\/diariorepublica.com.ar\/web\/index.php\/wp-json\/wp\/v2\/users\/1"}],"replies":[{"embeddable":true,"href":"https:\/\/diariorepublica.com.ar\/web\/index.php\/wp-json\/wp\/v2\/comments?post=21714"}],"version-history":[{"count":1,"href":"https:\/\/diariorepublica.com.ar\/web\/index.php\/wp-json\/wp\/v2\/posts\/21714\/revisions"}],"predecessor-version":[{"id":21716,"href":"https:\/\/diariorepublica.com.ar\/web\/index.php\/wp-json\/wp\/v2\/posts\/21714\/revisions\/21716"}],"wp:featuredmedia":[{"embeddable":true,"href":"https:\/\/diariorepublica.com.ar\/web\/index.php\/wp-json\/wp\/v2\/media\/21715"}],"wp:attachment":[{"href":"https:\/\/diariorepublica.com.ar\/web\/index.php\/wp-json\/wp\/v2\/media?parent=21714"}],"wp:term":[{"taxonomy":"category","embeddable":true,"href":"https:\/\/diariorepublica.com.ar\/web\/index.php\/wp-json\/wp\/v2\/categories?post=21714"},{"taxonomy":"post_tag","embeddable":true,"href":"https:\/\/diariorepublica.com.ar\/web\/index.php\/wp-json\/wp\/v2\/tags?post=21714"}],"curies":[{"name":"wp","href":"https:\/\/api.w.org\/{rel}","templated":true}]}}