{"id":21738,"date":"2025-02-11T10:49:00","date_gmt":"2025-02-11T13:49:00","guid":{"rendered":"https:\/\/diariorepublica.com.ar\/web\/?p=21738"},"modified":"2025-02-11T14:51:35","modified_gmt":"2025-02-11T17:51:35","slug":"anmat-prohibio-la-venta-de-una-crema-facial","status":"publish","type":"post","link":"https:\/\/diariorepublica.com.ar\/web\/index.php\/nacionales\/2025\/02\/11\/anmat-prohibio-la-venta-de-una-crema-facial\/","title":{"rendered":"ANMAT prohibi\u00f3 la venta de una crema facial"},"content":{"rendered":"<p>La Administraci\u00f3n Nacional de Medicamentos, Alimentos y Tecnolog\u00eda m\u00e9dica (ANMAT) prohibi\u00f3 la venta de una reconocida crema para el rostro que se comercializa en farmacias y est\u00e9ticas, y se utiliza para tratamientos faciales.<\/p>\n<p>De acuerdo al comunicado, despu\u00e9s de una inspecci\u00f3n, las autoridades hallaron que el producto ten\u00eda \u00abun ingrediente prohibido\u00bb.<\/p>\n<p>\u00abRevox, Just Azelaic Acid Suspension 10% Suspensi\u00f3n fabricada en Bulgaria\u00bb es la crema que prohibi\u00f3 el organismo, ya que \u00abno cumple con la disposici\u00f3n N\u00b0 6433\/15\u00bb amparada en la normativa del Mercosur sobre las sustancias peligrosas para \u00abproductos de higiene, cosm\u00e9ticos y perfumes\u00bb.<\/p>\n<p>Adem\u00e1s, se dispuso que \u00abse proh\u00edba el uso, comercializaci\u00f3n y distribuci\u00f3n en todo el territorio nacional de este insumo sin autorizaci\u00f3n\u00bb.<\/p>\n<p>Ante esta situaci\u00f3n, la ANMAT solicit\u00f3 a personal de salud, distribuidores, vendedores, empresas de comercializaci\u00f3n, instituciones y a la poblaci\u00f3n en general a \u00abverificar las unidades en existencia\u00bb de esta crema en especial.<\/p>\n<p>Por otro lado, en el comunicado, el organismo explic\u00f3 que la prohibici\u00f3n sucedi\u00f3 despu\u00e9s de que el organismo de control advirtiera que el producto no cumpl\u00eda la normativa vigente por presentar \u00abun ingrediente prohibido\u00bb, aunque no se especific\u00f3 cu\u00e1l es.<\/p>\n","protected":false},"excerpt":{"rendered":"<p>La Administraci\u00f3n Nacional de Medicamentos, Alimentos y Tecnolog\u00eda m\u00e9dica (ANMAT) prohibi\u00f3 la venta de una reconocida crema para el rostro<\/p>\n","protected":false},"author":1,"featured_media":21739,"comment_status":"closed","ping_status":"closed","sticky":false,"template":"","format":"standard","meta":{"footnotes":"","jetpack_publicize_message":"","jetpack_publicize_feature_enabled":true,"jetpack_social_post_already_shared":true,"jetpack_social_options":{"image_generator_settings":{"template":"highway","enabled":false},"version":2}},"categories":[4],"tags":[],"class_list":["post-21738","post","type-post","status-publish","format-standard","has-post-thumbnail","hentry","category-nacionales"],"jetpack_publicize_connections":[],"_links":{"self":[{"href":"https:\/\/diariorepublica.com.ar\/web\/index.php\/wp-json\/wp\/v2\/posts\/21738"}],"collection":[{"href":"https:\/\/diariorepublica.com.ar\/web\/index.php\/wp-json\/wp\/v2\/posts"}],"about":[{"href":"https:\/\/diariorepublica.com.ar\/web\/index.php\/wp-json\/wp\/v2\/types\/post"}],"author":[{"embeddable":true,"href":"https:\/\/diariorepublica.com.ar\/web\/index.php\/wp-json\/wp\/v2\/users\/1"}],"replies":[{"embeddable":true,"href":"https:\/\/diariorepublica.com.ar\/web\/index.php\/wp-json\/wp\/v2\/comments?post=21738"}],"version-history":[{"count":1,"href":"https:\/\/diariorepublica.com.ar\/web\/index.php\/wp-json\/wp\/v2\/posts\/21738\/revisions"}],"predecessor-version":[{"id":21740,"href":"https:\/\/diariorepublica.com.ar\/web\/index.php\/wp-json\/wp\/v2\/posts\/21738\/revisions\/21740"}],"wp:featuredmedia":[{"embeddable":true,"href":"https:\/\/diariorepublica.com.ar\/web\/index.php\/wp-json\/wp\/v2\/media\/21739"}],"wp:attachment":[{"href":"https:\/\/diariorepublica.com.ar\/web\/index.php\/wp-json\/wp\/v2\/media?parent=21738"}],"wp:term":[{"taxonomy":"category","embeddable":true,"href":"https:\/\/diariorepublica.com.ar\/web\/index.php\/wp-json\/wp\/v2\/categories?post=21738"},{"taxonomy":"post_tag","embeddable":true,"href":"https:\/\/diariorepublica.com.ar\/web\/index.php\/wp-json\/wp\/v2\/tags?post=21738"}],"curies":[{"name":"wp","href":"https:\/\/api.w.org\/{rel}","templated":true}]}}