{"id":21749,"date":"2025-02-11T15:00:39","date_gmt":"2025-02-11T18:00:39","guid":{"rendered":"https:\/\/diariorepublica.com.ar\/web\/?p=21749"},"modified":"2025-02-11T15:00:41","modified_gmt":"2025-02-11T18:00:41","slug":"el-gobierno-reestructuro-el-ministerio-de-economia-con-eliminaciones-y-fusiones-de-dependencias","status":"publish","type":"post","link":"https:\/\/diariorepublica.com.ar\/web\/index.php\/politica\/2025\/02\/11\/el-gobierno-reestructuro-el-ministerio-de-economia-con-eliminaciones-y-fusiones-de-dependencias\/","title":{"rendered":"El Gobierno reestructur\u00f3 el Ministerio de Econom\u00eda con eliminaciones y fusiones de dependencias"},"content":{"rendered":"<p>A trav\u00e9s del Bolet\u00edn Oficial, el Gobierno nacional oficializ\u00f3 este martes una reestructuraci\u00f3n del Ministerio de Econom\u00eda mediante el Decreto 70\/2025. La medida, firmada por el presidente Javier Milei y el ministro Luis Caputo, introduce modificaciones en la estructura de la cartera econ\u00f3mica, con eliminaciones y fusiones de dependencias clave.<\/p>\n<p>Entre los cambios m\u00e1s significativos est\u00e1 la eliminaci\u00f3n de la Secretar\u00eda de Desarrollo Territorial, H\u00e1bitat y Vivienda, con sus respectivas subsecretar\u00edas. Sus funciones fueron absorbidas por la Secretar\u00eda de Obras P\u00fablicas, que ampl\u00eda su campo de acci\u00f3n para incluir temas de integraci\u00f3n socio-urbana e infraestructura habitacional. Esta decisi\u00f3n implica una reorganizaci\u00f3n del personal que hasta ahora se desempe\u00f1aba en el \u00e1rea eliminada, quedando sujeto a un proceso de reasignaci\u00f3n o, en algunos casos, desvinculaci\u00f3n conforme a la normativa vigente.<\/p>\n<p class=\"com-paragraph   --s\">La\u00a0<strong>Subsecretar\u00eda de Integraci\u00f3n Sociourbana<\/strong>, foco de m\u00faltiples pol\u00e9micas por la gesti\u00f3n del fondo fiduciario de integraci\u00f3n socio urbana (FISU) -gesti\u00f3n por la cual fue denunciado\u00a0<strong>Juan Grabois<\/strong>-, que actualmente depende de la Secretar\u00eda de Obras P\u00fablicas, no fue eliminada, pero se modificaron sus objetivos.<\/p>\n<p class=\"com-paragraph   --s\">El nuevo organigrama del Ministerio de Econom\u00eda tambi\u00e9n establece la creaci\u00f3n de la\u00a0<strong>Secretar\u00eda de Coordinaci\u00f3n de Energ\u00eda y Miner\u00eda<\/strong>, que contar\u00e1 con subsecretar\u00edas enfocadas en distintas \u00e1reas de la matriz energ\u00e9tica, incluyendo energ\u00eda el\u00e9ctrica, combustibles l\u00edquidos y gaseosos, as\u00ed como transici\u00f3n y planeamiento energ\u00e9tico. En el \u00e1mbito productivo, la<strong>\u00a0Secretar\u00eda de Industria y Comercio\u00a0<\/strong>concentrar\u00e1 las \u00e1reas de pol\u00edtica industrial, comercio exterior y defensa del consumidor, con el objetivo de fortalecer el desarrollo productivo y la inserci\u00f3n de Argentina en los mercados internacionales.<\/p>\n<div class=\"content-media\">\n<section class=\"mod-media --zoom  \" role=\"button\">\n<figure class=\"mod-figure \" role=\"button\">\n<div class=\"placeholder \">\n<div class=\"com-image\"><picture><source srcset=\"https:\/\/resizer.glanacion.com\/resizer\/v2\/el-decreto-que-fue-publicado-en-el-boletin-I6FBWYYU2BHA7EZ76N7HDGEIGY.png?auth=5e99367020da57667d32de56bfaed1d3f1c766a6a8c2058fd5b06ddf26bad042&amp;width=780&amp;height=692&amp;quality=70&amp;smart=true\" media=\"(min-width: 768px)\" \/><img loading=\"lazy\" decoding=\"async\" class=\"image flex com-image --cover\" src=\"https:\/\/resizer.glanacion.com\/resizer\/v2\/el-decreto-que-fue-publicado-en-el-boletin-I6FBWYYU2BHA7EZ76N7HDGEIGY.png?auth=5e99367020da57667d32de56bfaed1d3f1c766a6a8c2058fd5b06ddf26bad042&amp;width=420&amp;height=372&amp;quality=70&amp;smart=true\" alt=\"El decreto que fue publicado en el Bolet\u00edn Oficial\" width=\"1552\" height=\"1376\" \/><\/picture><\/div>\n<\/div><figcaption class=\"mod-figcaption\"><span class=\"com-text --caption --twoxs\"><span class=\"com-text --caption --twoxs\">El decreto que fue publicado en el Bolet\u00edn Oficial<br \/>\n<\/span><\/span>Otro de los ejes de la reforma es la reorganizaci\u00f3n de la Secretar\u00eda de Transporte, que ahora se estructura en subsecretar\u00edas dedicadas al transporte automotor, ferroviario y a\u00e9reo, buscando mejorar la coordinaci\u00f3n y regulaci\u00f3n de estos sectores estrat\u00e9gicos. Asimismo, la Secretar\u00eda de Hacienda mantiene su funci\u00f3n central en la gesti\u00f3n de los recursos del Estado, con subsecretar\u00edas de Presupuesto, Ingresos P\u00fablicos y Coordinaci\u00f3n Fiscal Provincial, con el objetivo de fortalecer la relaci\u00f3n financiera entre la Naci\u00f3n y las provincias.<\/p>\n<p>En el plano de la inversi\u00f3n p\u00fablica, la Secretar\u00eda de Obras P\u00fablicas ampl\u00eda su rol y suma funciones que antes pertenec\u00edan a otras \u00e1reas, con un \u00e9nfasis particular en la integraci\u00f3n socio-urbana. De acuerdo con el texto del decreto, se encargar\u00e1 de formular y ejecutar pol\u00edticas en materia de infraestructura habitacional, regularizaci\u00f3n del suelo y desarrollo territorial, adem\u00e1s de gestionar obras de infraestructura vinculadas al espacio p\u00fablico. Tambi\u00e9n tendr\u00e1 la responsabilidad de relevar suelos vacantes para la planificaci\u00f3n urbana, en articulaci\u00f3n con organismos nacionales y provinciales.<\/p>\n<p>En otro de los art\u00edculos, el Gobierno indrodujo un cambio administrativo y elimin\u00f3 dentro de las atribuciones de la Secretar\u00eda de Obras P\u00fablicas el control del Enohsa, organismo encargado de ejecutar obras de acceso al agua potable que ya hab\u00eda sido disuelto en noviembre de 2024. A principios de octubre, el titular del Palacio de Hacienda hab\u00eda adelantado que, como parte del plan \u201cmotosierra\u201d del presidente Javier Milei, ten\u00edan previsto ponerle fin \u201ca ese antro de corrupci\u00f3n\u201d.<\/p>\n<p>Uno de los cambios m\u00e1s trascendentales del decreto es la supresi\u00f3n de la Decisi\u00f3n Administrativa 996\/2020, que hab\u00eda estructurado el Ministerio de Desarrollo Territorial y H\u00e1bitat durante el gobierno anterior.<\/p>\n<p>Desde el oficialismo, la medida es presentada como una estrategia para hacer m\u00e1s eficiente el funcionamiento del Estado y reducir el gasto en estructuras administrativas consideradas innecesarias. Fuentes cercanas al Ministerio de Econom\u00eda aseguran que estos cambios permitir\u00e1n una mejor coordinaci\u00f3n de pol\u00edticas econ\u00f3micas y una optimizaci\u00f3n en la utilizaci\u00f3n de los recursos.<\/p>\n<p>LA NACI\u00d3N<\/p>\n<\/figcaption><\/figure>\n<\/section>\n<\/div>\n","protected":false},"excerpt":{"rendered":"<p>A trav\u00e9s del Bolet\u00edn Oficial, el Gobierno nacional oficializ\u00f3 este martes una reestructuraci\u00f3n del Ministerio de Econom\u00eda mediante el Decreto<\/p>\n","protected":false},"author":1,"featured_media":21750,"comment_status":"closed","ping_status":"closed","sticky":false,"template":"","format":"standard","meta":{"footnotes":"","jetpack_publicize_message":"","jetpack_publicize_feature_enabled":true,"jetpack_social_post_already_shared":true,"jetpack_social_options":{"image_generator_settings":{"template":"highway","enabled":false},"version":2}},"categories":[12],"tags":[],"class_list":["post-21749","post","type-post","status-publish","format-standard","has-post-thumbnail","hentry","category-politica"],"jetpack_publicize_connections":[],"_links":{"self":[{"href":"https:\/\/diariorepublica.com.ar\/web\/index.php\/wp-json\/wp\/v2\/posts\/21749"}],"collection":[{"href":"https:\/\/diariorepublica.com.ar\/web\/index.php\/wp-json\/wp\/v2\/posts"}],"about":[{"href":"https:\/\/diariorepublica.com.ar\/web\/index.php\/wp-json\/wp\/v2\/types\/post"}],"author":[{"embeddable":true,"href":"https:\/\/diariorepublica.com.ar\/web\/index.php\/wp-json\/wp\/v2\/users\/1"}],"replies":[{"embeddable":true,"href":"https:\/\/diariorepublica.com.ar\/web\/index.php\/wp-json\/wp\/v2\/comments?post=21749"}],"version-history":[{"count":1,"href":"https:\/\/diariorepublica.com.ar\/web\/index.php\/wp-json\/wp\/v2\/posts\/21749\/revisions"}],"predecessor-version":[{"id":21751,"href":"https:\/\/diariorepublica.com.ar\/web\/index.php\/wp-json\/wp\/v2\/posts\/21749\/revisions\/21751"}],"wp:featuredmedia":[{"embeddable":true,"href":"https:\/\/diariorepublica.com.ar\/web\/index.php\/wp-json\/wp\/v2\/media\/21750"}],"wp:attachment":[{"href":"https:\/\/diariorepublica.com.ar\/web\/index.php\/wp-json\/wp\/v2\/media?parent=21749"}],"wp:term":[{"taxonomy":"category","embeddable":true,"href":"https:\/\/diariorepublica.com.ar\/web\/index.php\/wp-json\/wp\/v2\/categories?post=21749"},{"taxonomy":"post_tag","embeddable":true,"href":"https:\/\/diariorepublica.com.ar\/web\/index.php\/wp-json\/wp\/v2\/tags?post=21749"}],"curies":[{"name":"wp","href":"https:\/\/api.w.org\/{rel}","templated":true}]}}