{"id":21796,"date":"2025-02-13T17:25:00","date_gmt":"2025-02-13T20:25:00","guid":{"rendered":"https:\/\/diariorepublica.com.ar\/web\/?p=21796"},"modified":"2025-02-13T11:28:23","modified_gmt":"2025-02-13T14:28:23","slug":"torneo-apertura-atletico-tucuman-vs-sarmiento-desde-las-2215","status":"publish","type":"post","link":"https:\/\/diariorepublica.com.ar\/web\/index.php\/deportes\/2025\/02\/13\/torneo-apertura-atletico-tucuman-vs-sarmiento-desde-las-2215\/","title":{"rendered":"Torneo Apertura: Atl\u00e9tico Tucum\u00e1n vs. Sarmiento desde las 22:15"},"content":{"rendered":"<p><b>Atl\u00e9tico Tucum\u00e1n y Sarmiento se medir\u00e1n desde las 22.15\u00a0en el Estadio Monumental Jos\u00e9 Fierro, por la quinta jornada de la Zona B del Torneo Apertura 2025<\/b>. Los dirigidos por Javier Sanguinetti buscan su primer triunfo en el certamen ante el Decano, que tendr\u00e1 el estreno de un viejo conocido en el banco de suplentes luego de lo que fue la salida de Facundo Sava: Lucas Pusineri.<\/p>\n<p><b>Atl\u00e9tico Tucum\u00e1n vive un p\u00e9simo presente futbol\u00edstico que desencaden\u00f3 en en la salida de Sava y la contrataci\u00f3n de Pusineri<\/b>. Si bien derrot\u00f3 1-0 a San Mart\u00edn de San Juan en su debut, luego cay\u00f3 2-0 frente a Central C\u00f3rdoba, fue goleado 3-0 por Riestra en su propio estadio y viene de caer 3-1 frente a Rosario Central en Arroyito. De esta manera, el Decano debe cambiar la cara r\u00e1pidamente para poder escalar del und\u00e9cimo lugar.<\/p>\n<p><b>Sarmiento, por su parte, tampoco est\u00e1 atravesando un buen momento dado que a\u00fan no pudo sumar de a tres en el Torneo Apertura de la Liga Profesional<\/b>. El equipo de Javier Sanguinetti perdi\u00f3 2-1 con Independiente en el inicio de la competencia, igual\u00f3 0-0 con Godoy Cruz en Jun\u00edn, cay\u00f3 2-0 con Lan\u00fas en La Fortaleza y viene de empatar 1-1 frente a San Mart\u00edn de San Juan en su \u00faltimo encuentro. Debido a estos resultados se ubica 12\u00b0 por debajo de, justamente, Atl\u00e9tico Tucum\u00e1n.<\/p>\n<ul>\n<li>Hora: 22.15<\/li>\n<li>TV: TNT Sports Premium<\/li>\n<li>\u00c1rbitro: Sebasti\u00e1n Mart\u00ednez<\/li>\n<li>VAR: \u00c1lvaro Carranza<\/li>\n<li>Estadio: Monumental Jos\u00e9 Fierro<\/li>\n<\/ul>\n<p>tycsports.com<\/p>\n","protected":false},"excerpt":{"rendered":"<p>Atl\u00e9tico Tucum\u00e1n y Sarmiento se medir\u00e1n desde las 22.15\u00a0en el Estadio Monumental Jos\u00e9 Fierro, por la quinta jornada de la<\/p>\n","protected":false},"author":1,"featured_media":21797,"comment_status":"closed","ping_status":"closed","sticky":false,"template":"","format":"standard","meta":{"footnotes":"","jetpack_publicize_message":"","jetpack_publicize_feature_enabled":true,"jetpack_social_post_already_shared":true,"jetpack_social_options":{"image_generator_settings":{"template":"highway","enabled":false},"version":2}},"categories":[9],"tags":[],"class_list":["post-21796","post","type-post","status-publish","format-standard","has-post-thumbnail","hentry","category-deportes"],"jetpack_publicize_connections":[],"_links":{"self":[{"href":"https:\/\/diariorepublica.com.ar\/web\/index.php\/wp-json\/wp\/v2\/posts\/21796"}],"collection":[{"href":"https:\/\/diariorepublica.com.ar\/web\/index.php\/wp-json\/wp\/v2\/posts"}],"about":[{"href":"https:\/\/diariorepublica.com.ar\/web\/index.php\/wp-json\/wp\/v2\/types\/post"}],"author":[{"embeddable":true,"href":"https:\/\/diariorepublica.com.ar\/web\/index.php\/wp-json\/wp\/v2\/users\/1"}],"replies":[{"embeddable":true,"href":"https:\/\/diariorepublica.com.ar\/web\/index.php\/wp-json\/wp\/v2\/comments?post=21796"}],"version-history":[{"count":1,"href":"https:\/\/diariorepublica.com.ar\/web\/index.php\/wp-json\/wp\/v2\/posts\/21796\/revisions"}],"predecessor-version":[{"id":21798,"href":"https:\/\/diariorepublica.com.ar\/web\/index.php\/wp-json\/wp\/v2\/posts\/21796\/revisions\/21798"}],"wp:featuredmedia":[{"embeddable":true,"href":"https:\/\/diariorepublica.com.ar\/web\/index.php\/wp-json\/wp\/v2\/media\/21797"}],"wp:attachment":[{"href":"https:\/\/diariorepublica.com.ar\/web\/index.php\/wp-json\/wp\/v2\/media?parent=21796"}],"wp:term":[{"taxonomy":"category","embeddable":true,"href":"https:\/\/diariorepublica.com.ar\/web\/index.php\/wp-json\/wp\/v2\/categories?post=21796"},{"taxonomy":"post_tag","embeddable":true,"href":"https:\/\/diariorepublica.com.ar\/web\/index.php\/wp-json\/wp\/v2\/tags?post=21796"}],"curies":[{"name":"wp","href":"https:\/\/api.w.org\/{rel}","templated":true}]}}