{"id":21825,"date":"2025-02-13T17:18:00","date_gmt":"2025-02-13T20:18:00","guid":{"rendered":"https:\/\/diariorepublica.com.ar\/web\/?p=21825"},"modified":"2025-02-13T17:00:11","modified_gmt":"2025-02-13T20:00:11","slug":"la-canasta-basica-subio-menos-de-1-en-enero-una-familia-necesito-mas-de-1-millon-para-no-ser-pobre","status":"publish","type":"post","link":"https:\/\/diariorepublica.com.ar\/web\/index.php\/economia\/2025\/02\/13\/la-canasta-basica-subio-menos-de-1-en-enero-una-familia-necesito-mas-de-1-millon-para-no-ser-pobre\/","title":{"rendered":"La canasta b\u00e1sica subi\u00f3 menos de 1% en enero: una familia necesit\u00f3 m\u00e1s de $1 mill\u00f3n para no ser pobre"},"content":{"rendered":"<article class=\"article-body article-body--first-paragraph content-protected-false\" data-td-script-src=\"https:\/\/www.ambito.com\/td\/modulos\/encuestas\/js\/function-embeds-min-version-1739333279.js\"><strong>El costo de la canasta b\u00e1sica total (CBT), que mide la l\u00ednea de pobreza, subi\u00f3 apenas 0,9% en enero<\/strong>. Misma suba tuvo la canasta b\u00e1sica alimentaria (CBA), utilizada para evaluar el umbral de la indigencia.<\/p>\n<\/article>\n<article class=\"article-body article-body--second-paragraph content-protected-false\">As\u00ed lo inform\u00f3 el INDEC este jueves. Vale recordar que la CBA se determina tomando en cuenta los requerimientos de nutritivos imprescindibles para que un var\u00f3n adulto de entre 30 y 60 a\u00f1os, de actividad moderada, cubra durante un mes esas necesidades (adulto equivalente).<\/p>\n<article class=\"article-body article-body--third-paragraph content-protected-false\">A su vez, el organismo oficial de estad\u00edsticas p\u00fablicas utiliza una canasta de consumo de la poblaci\u00f3n a partir de la informaci\u00f3n provista por la Encuesta Nacional de Gastos de los Hogares (ENGHo).<\/p>\n<\/article>\n<article class=\"article-body article-body--fourth-paragraph content-protected-false\">Para determinar la CBT se ampl\u00eda la CBA considerando los bienes y servicios no alimentarios. La estimaci\u00f3n se obtiene mediante la aplicaci\u00f3n del coeficiente de Engel (CdE), definido como la relaci\u00f3n entre los gastos alimentarios y los gastos totales observados en la poblaci\u00f3n de referencia.<\/p>\n<p>ambito.com<\/p>\n<\/article>\n<\/article>\n","protected":false},"excerpt":{"rendered":"<p>El costo de la canasta b\u00e1sica total (CBT), que mide la l\u00ednea de pobreza, subi\u00f3 apenas 0,9% en enero. Misma<\/p>\n","protected":false},"author":1,"featured_media":21826,"comment_status":"closed","ping_status":"closed","sticky":false,"template":"","format":"standard","meta":{"footnotes":"","jetpack_publicize_message":"","jetpack_publicize_feature_enabled":true,"jetpack_social_post_already_shared":true,"jetpack_social_options":{"image_generator_settings":{"template":"highway","enabled":false},"version":2}},"categories":[5],"tags":[],"class_list":["post-21825","post","type-post","status-publish","format-standard","has-post-thumbnail","hentry","category-economia"],"jetpack_publicize_connections":[],"_links":{"self":[{"href":"https:\/\/diariorepublica.com.ar\/web\/index.php\/wp-json\/wp\/v2\/posts\/21825"}],"collection":[{"href":"https:\/\/diariorepublica.com.ar\/web\/index.php\/wp-json\/wp\/v2\/posts"}],"about":[{"href":"https:\/\/diariorepublica.com.ar\/web\/index.php\/wp-json\/wp\/v2\/types\/post"}],"author":[{"embeddable":true,"href":"https:\/\/diariorepublica.com.ar\/web\/index.php\/wp-json\/wp\/v2\/users\/1"}],"replies":[{"embeddable":true,"href":"https:\/\/diariorepublica.com.ar\/web\/index.php\/wp-json\/wp\/v2\/comments?post=21825"}],"version-history":[{"count":1,"href":"https:\/\/diariorepublica.com.ar\/web\/index.php\/wp-json\/wp\/v2\/posts\/21825\/revisions"}],"predecessor-version":[{"id":21827,"href":"https:\/\/diariorepublica.com.ar\/web\/index.php\/wp-json\/wp\/v2\/posts\/21825\/revisions\/21827"}],"wp:featuredmedia":[{"embeddable":true,"href":"https:\/\/diariorepublica.com.ar\/web\/index.php\/wp-json\/wp\/v2\/media\/21826"}],"wp:attachment":[{"href":"https:\/\/diariorepublica.com.ar\/web\/index.php\/wp-json\/wp\/v2\/media?parent=21825"}],"wp:term":[{"taxonomy":"category","embeddable":true,"href":"https:\/\/diariorepublica.com.ar\/web\/index.php\/wp-json\/wp\/v2\/categories?post=21825"},{"taxonomy":"post_tag","embeddable":true,"href":"https:\/\/diariorepublica.com.ar\/web\/index.php\/wp-json\/wp\/v2\/tags?post=21825"}],"curies":[{"name":"wp","href":"https:\/\/api.w.org\/{rel}","templated":true}]}}