{"id":21881,"date":"2025-02-15T15:55:12","date_gmt":"2025-02-15T18:55:12","guid":{"rendered":"https:\/\/diariorepublica.com.ar\/web\/?p=21881"},"modified":"2025-02-15T15:55:14","modified_gmt":"2025-02-15T18:55:14","slug":"el-papa-esta-sin-fiebre-pero-sigue-la-infeccion-respiratoria","status":"publish","type":"post","link":"https:\/\/diariorepublica.com.ar\/web\/index.php\/internacionales\/2025\/02\/15\/el-papa-esta-sin-fiebre-pero-sigue-la-infeccion-respiratoria\/","title":{"rendered":"El Papa est\u00e1 sin fiebre pero sigue la infecci\u00f3n respiratoria"},"content":{"rendered":"<p>Llegan noticias tranquilizadoras desde el hospital Gemelli, donde el papa Francisco, de 88 a\u00f1os, fue internado ayer por una bronquitis que ven\u00eda arrastrando desde hac\u00eda m\u00e1s de una semana y que ahora lo oblig\u00f3 a detenerse y a hacer ese postergado reposo necesario para curarse.<\/p>\n<p>\u201cEl papa Francisco ha descansado toda la noche y no ha presentado episodios febriles\u201d, inform\u00f3 el segundo parte m\u00e9dico desde que fue internado, que a\u00f1adi\u00f3 que \u201clos chequeos realizados durante la jornada confirman la infecci\u00f3n de las v\u00edas respiratorias\u201d y que \u201cla terapia ha sido levemente modificada en base a ulteriores controles microbiol\u00f3gicos\u201d.<\/p>\n<p class=\"com-paragraph   --s\">\u201cLos\u00a0<strong>ex\u00e1menes de laboratorio de la fecha presentan la mejora de algunos valores<\/strong>\u201d, tambi\u00e9n indic\u00f3 el bolet\u00edn m\u00e9dico, que fue difundido por la Sala de Prensa este s\u00e1bado poco despu\u00e9s de las 18 locales.<\/p>\n<p class=\"com-paragraph   --s\">Al margen de precisar que el Papa durante la ma\u00f1ana recibi\u00f3 la eucarist\u00eda y que luego \u201caltern\u00f3 el reposo a la oraci\u00f3n y a la lectura\u201d, el parte tambi\u00e9n anunci\u00f3 que \u201cpara facilitar la recuperaci\u00f3n, el equipo m\u00e9dico ha prescrito\u00a0<strong>reposo absoluto<\/strong>\u201d. Y que, por lo tanto, este domingo el Santo Padre\u00a0<strong>no recitar\u00e1 la tradicional oraci\u00f3n dominical del Angelus<\/strong>, del mediod\u00eda local,\u00a0<strong>\u201caunque enviar\u00e1 un texto para su relativa publicaci\u00f3n\u201d.<\/strong><\/p>\n<p class=\"com-paragraph   --s\">\u201cEl papa Francisco ha sido puesto al tanto de los muchos mensajes de cercan\u00eda y afecto que le han enviado y expresa su\u00a0<strong>gratitud<\/strong>, pidiendo al mismo tiempo de\u00a0<strong>seguir rezando por \u00e9l<\/strong>\u201d, concluy\u00f3 el comunicado.<\/p>\n","protected":false},"excerpt":{"rendered":"<p>Llegan noticias tranquilizadoras desde el hospital Gemelli, donde el papa Francisco, de 88 a\u00f1os, fue internado ayer por una bronquitis<\/p>\n","protected":false},"author":1,"featured_media":21882,"comment_status":"closed","ping_status":"closed","sticky":false,"template":"","format":"standard","meta":{"footnotes":"","jetpack_publicize_message":"","jetpack_publicize_feature_enabled":true,"jetpack_social_post_already_shared":true,"jetpack_social_options":{"image_generator_settings":{"template":"highway","enabled":false},"version":2}},"categories":[6],"tags":[],"class_list":["post-21881","post","type-post","status-publish","format-standard","has-post-thumbnail","hentry","category-internacionales"],"jetpack_publicize_connections":[],"_links":{"self":[{"href":"https:\/\/diariorepublica.com.ar\/web\/index.php\/wp-json\/wp\/v2\/posts\/21881"}],"collection":[{"href":"https:\/\/diariorepublica.com.ar\/web\/index.php\/wp-json\/wp\/v2\/posts"}],"about":[{"href":"https:\/\/diariorepublica.com.ar\/web\/index.php\/wp-json\/wp\/v2\/types\/post"}],"author":[{"embeddable":true,"href":"https:\/\/diariorepublica.com.ar\/web\/index.php\/wp-json\/wp\/v2\/users\/1"}],"replies":[{"embeddable":true,"href":"https:\/\/diariorepublica.com.ar\/web\/index.php\/wp-json\/wp\/v2\/comments?post=21881"}],"version-history":[{"count":1,"href":"https:\/\/diariorepublica.com.ar\/web\/index.php\/wp-json\/wp\/v2\/posts\/21881\/revisions"}],"predecessor-version":[{"id":21883,"href":"https:\/\/diariorepublica.com.ar\/web\/index.php\/wp-json\/wp\/v2\/posts\/21881\/revisions\/21883"}],"wp:featuredmedia":[{"embeddable":true,"href":"https:\/\/diariorepublica.com.ar\/web\/index.php\/wp-json\/wp\/v2\/media\/21882"}],"wp:attachment":[{"href":"https:\/\/diariorepublica.com.ar\/web\/index.php\/wp-json\/wp\/v2\/media?parent=21881"}],"wp:term":[{"taxonomy":"category","embeddable":true,"href":"https:\/\/diariorepublica.com.ar\/web\/index.php\/wp-json\/wp\/v2\/categories?post=21881"},{"taxonomy":"post_tag","embeddable":true,"href":"https:\/\/diariorepublica.com.ar\/web\/index.php\/wp-json\/wp\/v2\/tags?post=21881"}],"curies":[{"name":"wp","href":"https:\/\/api.w.org\/{rel}","templated":true}]}}