{"id":21893,"date":"2025-02-16T10:02:00","date_gmt":"2025-02-16T13:02:00","guid":{"rendered":"https:\/\/diariorepublica.com.ar\/web\/?p=21893"},"modified":"2025-02-15T16:05:18","modified_gmt":"2025-02-15T19:05:18","slug":"torneo-apertura-talleres-vs-atletico-tucuman-este-dommingo-desde-las-2130","status":"publish","type":"post","link":"https:\/\/diariorepublica.com.ar\/web\/index.php\/deportes\/2025\/02\/16\/torneo-apertura-talleres-vs-atletico-tucuman-este-dommingo-desde-las-2130\/","title":{"rendered":"Torneo Apertura: Talleres vs. Atl\u00e9tico Tucum\u00e1n este domingo desde las 21:30"},"content":{"rendered":"<p><b>Talleres y Atl\u00e9tico Tucum\u00e1n<\/b>\u00a0se medir\u00e1n este domingo desde las 21.30 en el Estadio Mario Alberto Kempes por la sexta jornada de la Zona B del\u00a0<b>Torneo Apertura 2025<\/b>. El Matador logr\u00f3 la primera victoria en el campeonato y ahora buscar\u00e1 hacerlo ante su p\u00fablico, mientras que los tucumanos vienen de golear en el debut de Lucas Pusineri en el banco<\/p>\n<p>La T viene de ganar por primera vez en el campeonato frente a San Mart\u00edn de San Juan por 1-0 con gol de Gast\u00f3n Benavidez. Anteriormente hab\u00eda perdido en todas sus presentaciones, menos en el partido suspendido ante Godoy Cruz por una agresi\u00f3n al juez de l\u00ednea Diego Mart\u00edn, en su debut con San Lorenzo cay\u00f3 por 1-0, luego con Independiente lo perdi\u00f3 en el \u00faltimo minuto en un partidazo y por \u00faltimo cuando recibi\u00f3 a Lan\u00fas. De esta forma se ubica en el 11\u00ba con 3 unidades.<\/p>\n<p>Del otro lado, El Decano viene de conseguir un gran resultado en el debut de Lucas Pusineri como director t\u00e9cnico frente a Sarmiento por 5-0, no lograba ganar desde la primera fecha cuando venci\u00f3 a San Mart\u00edn de San Juan por 1-0 de visitante. Logr\u00f3 cortar una racha de tres partidos consecutivos con derrotas ante Central C\u00f3rdoba por 2-0, con Deportivo Riestra 3-0 y con Rosario Central por 3-1. En la tabla se posiciona en el 9\u00ba puesto con 6 puntos.<\/p>\n<ul>\n<li>Hora: 21.30<\/li>\n<li>TV: ESPN Premium<\/li>\n<li>\u00c1rbitro: Andr\u00e9s Gariano<\/li>\n<li>VAR: Dar\u00edo Herrera<\/li>\n<li>Estadio: Mario Alberto Kempes<\/li>\n<\/ul>\n<p>tycsports.com<\/p>\n","protected":false},"excerpt":{"rendered":"<p>Talleres y Atl\u00e9tico Tucum\u00e1n\u00a0se medir\u00e1n este domingo desde las 21.30 en el Estadio Mario Alberto Kempes por la sexta jornada<\/p>\n","protected":false},"author":1,"featured_media":21894,"comment_status":"closed","ping_status":"closed","sticky":false,"template":"","format":"standard","meta":{"footnotes":"","jetpack_publicize_message":"","jetpack_publicize_feature_enabled":true,"jetpack_social_post_already_shared":true,"jetpack_social_options":{"image_generator_settings":{"template":"highway","enabled":false},"version":2}},"categories":[9],"tags":[],"class_list":["post-21893","post","type-post","status-publish","format-standard","has-post-thumbnail","hentry","category-deportes"],"jetpack_publicize_connections":[],"_links":{"self":[{"href":"https:\/\/diariorepublica.com.ar\/web\/index.php\/wp-json\/wp\/v2\/posts\/21893"}],"collection":[{"href":"https:\/\/diariorepublica.com.ar\/web\/index.php\/wp-json\/wp\/v2\/posts"}],"about":[{"href":"https:\/\/diariorepublica.com.ar\/web\/index.php\/wp-json\/wp\/v2\/types\/post"}],"author":[{"embeddable":true,"href":"https:\/\/diariorepublica.com.ar\/web\/index.php\/wp-json\/wp\/v2\/users\/1"}],"replies":[{"embeddable":true,"href":"https:\/\/diariorepublica.com.ar\/web\/index.php\/wp-json\/wp\/v2\/comments?post=21893"}],"version-history":[{"count":2,"href":"https:\/\/diariorepublica.com.ar\/web\/index.php\/wp-json\/wp\/v2\/posts\/21893\/revisions"}],"predecessor-version":[{"id":21896,"href":"https:\/\/diariorepublica.com.ar\/web\/index.php\/wp-json\/wp\/v2\/posts\/21893\/revisions\/21896"}],"wp:featuredmedia":[{"embeddable":true,"href":"https:\/\/diariorepublica.com.ar\/web\/index.php\/wp-json\/wp\/v2\/media\/21894"}],"wp:attachment":[{"href":"https:\/\/diariorepublica.com.ar\/web\/index.php\/wp-json\/wp\/v2\/media?parent=21893"}],"wp:term":[{"taxonomy":"category","embeddable":true,"href":"https:\/\/diariorepublica.com.ar\/web\/index.php\/wp-json\/wp\/v2\/categories?post=21893"},{"taxonomy":"post_tag","embeddable":true,"href":"https:\/\/diariorepublica.com.ar\/web\/index.php\/wp-json\/wp\/v2\/tags?post=21893"}],"curies":[{"name":"wp","href":"https:\/\/api.w.org\/{rel}","templated":true}]}}