{"id":2193,"date":"2023-04-30T16:00:00","date_gmt":"2023-04-30T19:00:00","guid":{"rendered":"https:\/\/diariorepublica.com.ar\/web\/?p=2193"},"modified":"2023-04-30T18:30:00","modified_gmt":"2023-04-30T21:30:00","slug":"tapia-y-coello-siguen-imparables-en-el-world-padel-tour","status":"publish","type":"post","link":"https:\/\/diariorepublica.com.ar\/web\/index.php\/deportes\/2023\/04\/30\/tapia-y-coello-siguen-imparables-en-el-world-padel-tour\/","title":{"rendered":"Tapia y Coello siguen imparables en el World P\u00e1del Tour"},"content":{"rendered":"<p>El catamarque\u00f1o Agust\u00edn Tapia y el espa\u00f1ol Arturo Coello volvieron a ganar un t\u00edtulo. Esta vez fue en Bruselas y suman seis campeonatos consecutivos ganados. Peligra el reinado de Lebr\u00f3n y Gal\u00e1n.<\/p>\n<p class=\"capital\">La pareja integrada por el catamarque\u00f1o Agust\u00edn Tapia y el oriundo de Valladolid Arturo Coello, se quedaron con la fecha World P\u00e1del Tour disputada en Bruselas (B\u00e9lgica). Superaron en la final a los argentinos Mart\u00edn Di Nenno-Franco Stupaczuk 7-6, 3-6 y 6-3 en 132 minutos de juego.<\/p>\n<p>Con este triunfo, el dueto hispano-argentino consigui\u00f3 su sexto t\u00edtulo al hilo y llegar al r\u00e9cord de 27 partidos ganados de manera consecutiva. Este mismo duelo ya se hab\u00eda dado en dos ocasiones y tambi\u00e9n Tapia-Coello se hab\u00edan retirado victoriosos.<\/p>\n<div align=\"center\">\n<div id=\"inline\"><\/div>\n<\/div>\n<p>A partir de este resultado, Coello-Tapia, se ponen a tiro de discutirle el trono a la pareja ib\u00e9rica integrada por Juan Lebr\u00f3n-Alejandro Gal\u00e1n. Las lesiones vienen castigando a los actuales n\u00famero uno.<\/p>\n<p>El certamen venidero a efectuarse en Vigo del 8 al 14 de mayo puede significar un cambio dr\u00e1stico en la punta del circuito despu\u00e9s de tres a\u00f1os.<\/p>\n<p>Abu Dhabi, La Rioja, Chile, Paraguay, Granada y Bruselas son los campeonatos ganados por Tapia-Coello.<\/p>\n<p>En damas ganaron las espa\u00f1olas Ariana S\u00e1nchez \u2013Paula Josemar\u00eda superando en la final a sus coterr\u00e1neas Gemma Triay-Alejandra Salazar 6-7, 6-3 y 7-5. Las campeonas lograron su cuarto t\u00edtulo de la temporada y lideran.<\/p>\n","protected":false},"excerpt":{"rendered":"<p>El catamarque\u00f1o Agust\u00edn Tapia y el espa\u00f1ol Arturo Coello volvieron a ganar un t\u00edtulo. Esta vez fue en Bruselas y<\/p>\n","protected":false},"author":1,"featured_media":2194,"comment_status":"closed","ping_status":"closed","sticky":false,"template":"","format":"standard","meta":{"footnotes":"","jetpack_publicize_message":"","jetpack_publicize_feature_enabled":true,"jetpack_social_post_already_shared":false,"jetpack_social_options":{"image_generator_settings":{"template":"highway","enabled":false},"version":2}},"categories":[9],"tags":[],"class_list":["post-2193","post","type-post","status-publish","format-standard","has-post-thumbnail","hentry","category-deportes"],"jetpack_publicize_connections":[],"_links":{"self":[{"href":"https:\/\/diariorepublica.com.ar\/web\/index.php\/wp-json\/wp\/v2\/posts\/2193"}],"collection":[{"href":"https:\/\/diariorepublica.com.ar\/web\/index.php\/wp-json\/wp\/v2\/posts"}],"about":[{"href":"https:\/\/diariorepublica.com.ar\/web\/index.php\/wp-json\/wp\/v2\/types\/post"}],"author":[{"embeddable":true,"href":"https:\/\/diariorepublica.com.ar\/web\/index.php\/wp-json\/wp\/v2\/users\/1"}],"replies":[{"embeddable":true,"href":"https:\/\/diariorepublica.com.ar\/web\/index.php\/wp-json\/wp\/v2\/comments?post=2193"}],"version-history":[{"count":1,"href":"https:\/\/diariorepublica.com.ar\/web\/index.php\/wp-json\/wp\/v2\/posts\/2193\/revisions"}],"predecessor-version":[{"id":2195,"href":"https:\/\/diariorepublica.com.ar\/web\/index.php\/wp-json\/wp\/v2\/posts\/2193\/revisions\/2195"}],"wp:featuredmedia":[{"embeddable":true,"href":"https:\/\/diariorepublica.com.ar\/web\/index.php\/wp-json\/wp\/v2\/media\/2194"}],"wp:attachment":[{"href":"https:\/\/diariorepublica.com.ar\/web\/index.php\/wp-json\/wp\/v2\/media?parent=2193"}],"wp:term":[{"taxonomy":"category","embeddable":true,"href":"https:\/\/diariorepublica.com.ar\/web\/index.php\/wp-json\/wp\/v2\/categories?post=2193"},{"taxonomy":"post_tag","embeddable":true,"href":"https:\/\/diariorepublica.com.ar\/web\/index.php\/wp-json\/wp\/v2\/tags?post=2193"}],"curies":[{"name":"wp","href":"https:\/\/api.w.org\/{rel}","templated":true}]}}