{"id":21945,"date":"2025-02-19T00:02:00","date_gmt":"2025-02-19T03:02:00","guid":{"rendered":"https:\/\/diariorepublica.com.ar\/web\/?p=21945"},"modified":"2025-02-19T09:43:57","modified_gmt":"2025-02-19T12:43:57","slug":"apertura-de-paritarias-entre-el-municipio-y-el-soem","status":"publish","type":"post","link":"https:\/\/diariorepublica.com.ar\/web\/index.php\/sin-categoria\/2025\/02\/19\/apertura-de-paritarias-entre-el-municipio-y-el-soem\/","title":{"rendered":"Apertura de paritarias entre el municipio y el SOEM"},"content":{"rendered":"<p>Se concret\u00f3\u00a0 la primera reuni\u00f3n paritaria entre la Municipalidad de la Capital y el Sindicato de Obreros y Empleados Municipales, donde la comuna ofreci\u00f3 una importante serie de incrementos para el primer semestre del a\u00f1o, que contempla tres aumentos a aplicarse en marzo, mayo y julio, siguiendo el ritmo que marque la inflaci\u00f3n.<br \/>A diferencia de otros a\u00f1os, el municipio present\u00f3 una propuesta concreta y por escrito en la primera reuni\u00f3n, de la que participaron esta ma\u00f1ana el secretario de Gobierno y Coordinaci\u00f3n, Fernando Monguillot, y el secretario general del gremio, Luis \u00c1lamo.<br \/>El encuentro permiti\u00f3 cumplir con lo pactado en septiembre \u00faltimo, cuando se hab\u00eda acordado retomar la discusi\u00f3n salarial en estas fechas.<br \/>El a\u00f1o pasado, Capital logr\u00f3 mantener a sus trabajadores por encima de la inflaci\u00f3n, ya que otorg\u00f3 aumentos por un 122,5 por ciento a lo largo de 2024, periodo en el cual el \u00cdndice de Precios al Consumidor (IPC) general nacional, conforme al informe oficial del Instituto Nacional de Estad\u00edstica y Censos (INDEC), registr\u00f3 (de enero a diciembre) un incremento anual del 117,8%.<br \/>La propuesta de la municipalidad contempla para el primer semestre de este a\u00f1o los siguientes aumentos:<br \/>*Marzo de 2025: Ajuste salarial basado en el \u00edndice de IPC nacional (nivel general) correspondiente a los meses de enero y febrero de 2025.<br \/>*Mayo de 2025: Ajuste salarial basado en el \u00edndice de IPC nacional (nivel general) correspondiente a los meses de marzo y abril de 2025.<br \/>*Julio de 2025: Ajuste salarial basado en el \u00edndice de IPC nacional (nivel general) correspondiente a los meses de mayo y junio de 2025.<br \/>Formalizada la propuesta, el di\u00e1logo entre autoridades municipales con el gremio qued\u00f3 abierto, y en una pr\u00f3xima reuni\u00f3n se espera la respuesta del SOEM.<b><\/b><\/p>\n<p><b><span style=\"font-size: large;\">\u00a0<\/span><\/b><\/p>\n<p><b><span style=\"font-size: large;\">Notable mejora en el CD capitalino<\/span><\/b><br \/>En las instalaciones del Concejo Deliberante de la Capital, se concret\u00f3 una serie de obras que mejoraron notablemente las condiciones del lugar, para beneficio de los trabajadores y de todos los vecinos capitalinos.<br \/>Entre las tareas se destaca la puesta en valor de la denominada plazoleta \u00abConsejo de los ni\u00f1os\u00bb ubicada en el patio central del emblem\u00e1tico edificio, renovando las instalaciones edilicias para asegurar una mejor calidad laboral y un servicio m\u00e1s eficiente.<br \/>Participaron del descubrimiento de placa por el trabajo realizado, una de las renovaciones m\u00e1s significativas de los \u00faltimos a\u00f1os en el hist\u00f3rico CD, el cuerpo de concejales, autoridades y empleados del Honorable Concejo Deliberante.<\/p>\n\n\n<p><\/p>\n","protected":false},"excerpt":{"rendered":"<p>Se concret\u00f3\u00a0 la primera reuni\u00f3n paritaria entre la Municipalidad de la Capital y el Sindicato de Obreros y Empleados Municipales,<\/p>\n","protected":false},"author":1,"featured_media":21946,"comment_status":"closed","ping_status":"closed","sticky":false,"template":"","format":"standard","meta":{"footnotes":"","jetpack_publicize_message":"","jetpack_publicize_feature_enabled":true,"jetpack_social_post_already_shared":true,"jetpack_social_options":{"image_generator_settings":{"template":"highway","enabled":false},"version":2}},"categories":[1],"tags":[],"class_list":["post-21945","post","type-post","status-publish","format-standard","has-post-thumbnail","hentry","category-sin-categoria"],"jetpack_publicize_connections":[],"_links":{"self":[{"href":"https:\/\/diariorepublica.com.ar\/web\/index.php\/wp-json\/wp\/v2\/posts\/21945"}],"collection":[{"href":"https:\/\/diariorepublica.com.ar\/web\/index.php\/wp-json\/wp\/v2\/posts"}],"about":[{"href":"https:\/\/diariorepublica.com.ar\/web\/index.php\/wp-json\/wp\/v2\/types\/post"}],"author":[{"embeddable":true,"href":"https:\/\/diariorepublica.com.ar\/web\/index.php\/wp-json\/wp\/v2\/users\/1"}],"replies":[{"embeddable":true,"href":"https:\/\/diariorepublica.com.ar\/web\/index.php\/wp-json\/wp\/v2\/comments?post=21945"}],"version-history":[{"count":1,"href":"https:\/\/diariorepublica.com.ar\/web\/index.php\/wp-json\/wp\/v2\/posts\/21945\/revisions"}],"predecessor-version":[{"id":21947,"href":"https:\/\/diariorepublica.com.ar\/web\/index.php\/wp-json\/wp\/v2\/posts\/21945\/revisions\/21947"}],"wp:featuredmedia":[{"embeddable":true,"href":"https:\/\/diariorepublica.com.ar\/web\/index.php\/wp-json\/wp\/v2\/media\/21946"}],"wp:attachment":[{"href":"https:\/\/diariorepublica.com.ar\/web\/index.php\/wp-json\/wp\/v2\/media?parent=21945"}],"wp:term":[{"taxonomy":"category","embeddable":true,"href":"https:\/\/diariorepublica.com.ar\/web\/index.php\/wp-json\/wp\/v2\/categories?post=21945"},{"taxonomy":"post_tag","embeddable":true,"href":"https:\/\/diariorepublica.com.ar\/web\/index.php\/wp-json\/wp\/v2\/tags?post=21945"}],"curies":[{"name":"wp","href":"https:\/\/api.w.org\/{rel}","templated":true}]}}