{"id":21948,"date":"2025-02-19T09:04:00","date_gmt":"2025-02-19T12:04:00","guid":{"rendered":"https:\/\/diariorepublica.com.ar\/web\/?p=21948"},"modified":"2025-02-19T10:06:27","modified_gmt":"2025-02-19T13:06:27","slug":"la-salud-del-papa-francisco-el-vaticano-comunico-que-paso-una-noche-tranquila-sin-complicaciones","status":"publish","type":"post","link":"https:\/\/diariorepublica.com.ar\/web\/index.php\/internacionales\/2025\/02\/19\/la-salud-del-papa-francisco-el-vaticano-comunico-que-paso-una-noche-tranquila-sin-complicaciones\/","title":{"rendered":"La salud del papa Francisco: el Vaticano comunic\u00f3 que pas\u00f3 una noche tranquila sin complicaciones"},"content":{"rendered":"<p>El papa Francisco pas\u00f3 una noche tranquila, inform\u00f3 este mi\u00e9rcoles la Oficina de Prensa de la Santa Sede a los medios period\u00edsticos.<\/p>\n<p>Este martes, \u00abun TAC tor\u00e1cico de control prescrito por el Vaticano y el equipo m\u00e9dico del Policl\u00ednico Gemelli mostr\u00f3 la aparici\u00f3n de una neumon\u00eda bilateral, que requiri\u00f3 tratamiento farmacol\u00f3gico adicional\u00bb, record\u00f3 el Vaticano.<\/p>\n<p>\u00abEl Papa tuvo una noche tranquila, se despert\u00f3 y desayun\u00f3\u00bb, inform\u00f3 esta ma\u00f1ana la Oficina de Prensa de la Santa Sede.<\/p>\n<p>El comunicado continu\u00f3: \u00abEsta ma\u00f1ana, por tanto, el Papa se ha levantado y se ha sentado en su sill\u00f3n. Seg\u00fan se informa, su coraz\u00f3n est\u00e1 funcionando bien\u00bb.<\/p>\n<p>El director de la Sala de Prensa de la Santa Sede, Matteo Bruni, comunic\u00f3 que \u00abel papa Francisco se mantiene de buen humor, e intercala los momentos de oraci\u00f3n, lectura y descanso durante su hospitalizaci\u00f3n desde el pasado 14 de febrero\u00bb.<\/p>\n<p>El papa Francisco hab\u00eda mencionado desde principios de febrero que padec\u00eda un \u00abfuerte resfriado\u00bb, lo cual explic\u00f3 en la audiencia general del mi\u00e9rcoles 5 de febrero.<\/p>\n<p>En los d\u00edas siguientes, opt\u00f3 por continuar sus actividades en su residencia de la Casa Santa Marta para evitar traslados innecesarios al palacio pontificio, seg\u00fan inform\u00f3 la Santa Sede.<\/p>\n<p>Esta es la cuarta ocasi\u00f3n en que el pont\u00edfice debe ser internado en el hospital Gemelli. Anteriormente, en marzo y noviembre de 2023, ya hab\u00eda requerido hospitalizaci\u00f3n por problemas respiratorios, los cuales tambi\u00e9n le llevaron a cancelar su viaje a Dub\u00e1i para la COP28.<\/p>\n<p>ambito.com<\/p>\n","protected":false},"excerpt":{"rendered":"<p>El papa Francisco pas\u00f3 una noche tranquila, inform\u00f3 este mi\u00e9rcoles la Oficina de Prensa de la Santa Sede a los<\/p>\n","protected":false},"author":1,"featured_media":21949,"comment_status":"closed","ping_status":"closed","sticky":false,"template":"","format":"standard","meta":{"footnotes":"","jetpack_publicize_message":"","jetpack_publicize_feature_enabled":true,"jetpack_social_post_already_shared":true,"jetpack_social_options":{"image_generator_settings":{"template":"highway","enabled":false},"version":2}},"categories":[6],"tags":[],"class_list":["post-21948","post","type-post","status-publish","format-standard","has-post-thumbnail","hentry","category-internacionales"],"jetpack_publicize_connections":[],"_links":{"self":[{"href":"https:\/\/diariorepublica.com.ar\/web\/index.php\/wp-json\/wp\/v2\/posts\/21948"}],"collection":[{"href":"https:\/\/diariorepublica.com.ar\/web\/index.php\/wp-json\/wp\/v2\/posts"}],"about":[{"href":"https:\/\/diariorepublica.com.ar\/web\/index.php\/wp-json\/wp\/v2\/types\/post"}],"author":[{"embeddable":true,"href":"https:\/\/diariorepublica.com.ar\/web\/index.php\/wp-json\/wp\/v2\/users\/1"}],"replies":[{"embeddable":true,"href":"https:\/\/diariorepublica.com.ar\/web\/index.php\/wp-json\/wp\/v2\/comments?post=21948"}],"version-history":[{"count":1,"href":"https:\/\/diariorepublica.com.ar\/web\/index.php\/wp-json\/wp\/v2\/posts\/21948\/revisions"}],"predecessor-version":[{"id":21950,"href":"https:\/\/diariorepublica.com.ar\/web\/index.php\/wp-json\/wp\/v2\/posts\/21948\/revisions\/21950"}],"wp:featuredmedia":[{"embeddable":true,"href":"https:\/\/diariorepublica.com.ar\/web\/index.php\/wp-json\/wp\/v2\/media\/21949"}],"wp:attachment":[{"href":"https:\/\/diariorepublica.com.ar\/web\/index.php\/wp-json\/wp\/v2\/media?parent=21948"}],"wp:term":[{"taxonomy":"category","embeddable":true,"href":"https:\/\/diariorepublica.com.ar\/web\/index.php\/wp-json\/wp\/v2\/categories?post=21948"},{"taxonomy":"post_tag","embeddable":true,"href":"https:\/\/diariorepublica.com.ar\/web\/index.php\/wp-json\/wp\/v2\/tags?post=21948"}],"curies":[{"name":"wp","href":"https:\/\/api.w.org\/{rel}","templated":true}]}}