{"id":2196,"date":"2023-04-30T14:30:00","date_gmt":"2023-04-30T17:30:00","guid":{"rendered":"https:\/\/diariorepublica.com.ar\/web\/?p=2196"},"modified":"2023-04-30T18:31:20","modified_gmt":"2023-04-30T21:31:20","slug":"river-se-entreno-en-ezeiza-y-demichelis-tiene-el-once-casi-definido-para-visitar-a-fluminense","status":"publish","type":"post","link":"https:\/\/diariorepublica.com.ar\/web\/index.php\/deportes\/2023\/04\/30\/river-se-entreno-en-ezeiza-y-demichelis-tiene-el-once-casi-definido-para-visitar-a-fluminense\/","title":{"rendered":"River se entren\u00f3 en Ezeiza y Demichelis tiene el once casi definido para visitar a Fluminense"},"content":{"rendered":"<p><b>River <\/b>se entren\u00f3 esta ma\u00f1ana en el predio de Ezeiza de cara al<b>\u00a0duelo del martes, desde las 21 en el Maracan\u00e1, ante Fluminense<\/b>, por la tercera fecha del grupo D de la\u00a0<b>Copa Libertadores<\/b>. El\u00a0<i>Millonario\u00a0<\/i>ya comenz\u00f3 a preparar su visita a R\u00edo de Janeiro y el entrenador Mart\u00edn\u00a0<b>Demichelis piensa poner el mejor equipo que tiene disponible\u00a0<\/b>en busca de subirse a lo m\u00e1s alto de las posiciones y con el Supercl\u00e1sico ante Boca en el horizonte.<\/p>\n<p>El cuerpo t\u00e9cnico<b>\u00a0dispuso un trabajo diferenciado para quienes fueron titulares el viernes ante Atl\u00e9tico Tucum\u00e1n<\/b>\u00a0en el que un once alternativo consigui\u00f3 un empate sobre el final en el compromiso por la fecha 14 de la Liga Profesional que le permiti\u00f3 a los de N\u00fa\u00f1ez mantener la cima y, como ayer San Lorenzo empat\u00f3, sigue manteniendo la ventaja de seis unidades.<\/p>\n<p>En tanto,<b>\u00a0los futbolistas que habitualmente son titulares, y estar\u00e1n de entrada ante el\u00a0<i>Flu<\/i>, realizaron tareas con pelota<\/b>. Para ir a Brasil,<b>\u00a0el t\u00e9cnico decidir\u00eda el ingreso de Andr\u00e9s Herrera por el expulsado Enzo D\u00edaz<\/b>\u00a0y Milton Casco pasar\u00eda a pararse como lateral izquierdo. A su vez,\u00a0<b>tampoco podr\u00e1 estar a disposici\u00f3n Paulo D\u00edaz<\/b>\u00a0por una distensi\u00f3n en el b\u00edceps femoral izquierdo y el reemplazante ser\u00eda Emanuel Mammana.<\/p>\n<p>El resto del equipo no cambiar\u00eda mucho respecto a lo que viene utilizando habitualmente, por lo que el once ser\u00eda con: Franco\u00a0<b>Armani<\/b>; Andr\u00e9s\u00a0<b>Herrera<\/b>, Emanuel\u00a0<b>Mammana<\/b>, Leandro\u00a0<b>Gonz\u00e1lez Pirez<\/b>, Milton\u00a0<b>Casco<\/b>; Nicol\u00e1s\u00a0<b>de la Cruz<\/b>, Rodrigo\u00a0<b>Aliendro<\/b>, Enzo\u00a0<b>P\u00e9rez<\/b>, Nacho\u00a0<b>Fern\u00e1ndez<\/b>; Esequiel\u00a0<b>Barco\u00a0<\/b>y Lucas\u00a0<b>Beltr\u00e1n<\/b>.<\/p>\n<p>Por otro lado,\u00a0<b>el plantel volver\u00e1 a entrenarse ma\u00f1ana a las 13<\/b>\u00a0y luego,\u00a0<b>a las 15.30, dejar\u00e1 el predio para ir hasta el Aeropuerto de Ezeiza y as\u00ed emprender el vuelo a R\u00edo de Janeiro<\/b>, a donde espera arribar por la noche. A partir del mi\u00e9rcoles, el\u00a0<i>Millo\u00a0<\/i>pondr\u00e1 toda la atenci\u00f3n en el choque con Boca del 7 de mayo en el que intentar\u00e1 seguir afirm\u00e1ndose como el principal candidato al t\u00edtulo.<\/p>\n","protected":false},"excerpt":{"rendered":"<p>River se entren\u00f3 esta ma\u00f1ana en el predio de Ezeiza de cara al\u00a0duelo del martes, desde las 21 en el<\/p>\n","protected":false},"author":1,"featured_media":2197,"comment_status":"closed","ping_status":"closed","sticky":false,"template":"","format":"standard","meta":{"footnotes":"","jetpack_publicize_message":"","jetpack_publicize_feature_enabled":true,"jetpack_social_post_already_shared":false,"jetpack_social_options":{"image_generator_settings":{"template":"highway","enabled":false},"version":2}},"categories":[9],"tags":[],"class_list":["post-2196","post","type-post","status-publish","format-standard","has-post-thumbnail","hentry","category-deportes"],"jetpack_publicize_connections":[],"_links":{"self":[{"href":"https:\/\/diariorepublica.com.ar\/web\/index.php\/wp-json\/wp\/v2\/posts\/2196"}],"collection":[{"href":"https:\/\/diariorepublica.com.ar\/web\/index.php\/wp-json\/wp\/v2\/posts"}],"about":[{"href":"https:\/\/diariorepublica.com.ar\/web\/index.php\/wp-json\/wp\/v2\/types\/post"}],"author":[{"embeddable":true,"href":"https:\/\/diariorepublica.com.ar\/web\/index.php\/wp-json\/wp\/v2\/users\/1"}],"replies":[{"embeddable":true,"href":"https:\/\/diariorepublica.com.ar\/web\/index.php\/wp-json\/wp\/v2\/comments?post=2196"}],"version-history":[{"count":1,"href":"https:\/\/diariorepublica.com.ar\/web\/index.php\/wp-json\/wp\/v2\/posts\/2196\/revisions"}],"predecessor-version":[{"id":2198,"href":"https:\/\/diariorepublica.com.ar\/web\/index.php\/wp-json\/wp\/v2\/posts\/2196\/revisions\/2198"}],"wp:featuredmedia":[{"embeddable":true,"href":"https:\/\/diariorepublica.com.ar\/web\/index.php\/wp-json\/wp\/v2\/media\/2197"}],"wp:attachment":[{"href":"https:\/\/diariorepublica.com.ar\/web\/index.php\/wp-json\/wp\/v2\/media?parent=2196"}],"wp:term":[{"taxonomy":"category","embeddable":true,"href":"https:\/\/diariorepublica.com.ar\/web\/index.php\/wp-json\/wp\/v2\/categories?post=2196"},{"taxonomy":"post_tag","embeddable":true,"href":"https:\/\/diariorepublica.com.ar\/web\/index.php\/wp-json\/wp\/v2\/tags?post=2196"}],"curies":[{"name":"wp","href":"https:\/\/api.w.org\/{rel}","templated":true}]}}