{"id":21965,"date":"2025-02-19T00:07:00","date_gmt":"2025-02-19T03:07:00","guid":{"rendered":"https:\/\/diariorepublica.com.ar\/web\/?p=21965"},"modified":"2025-02-19T10:22:15","modified_gmt":"2025-02-19T13:22:15","slug":"boca-perdio-1-a-0-con-alianza-lima-y-no-fue-por-mas-por-marchesin","status":"publish","type":"post","link":"https:\/\/diariorepublica.com.ar\/web\/index.php\/deportes\/2025\/02\/19\/boca-perdio-1-a-0-con-alianza-lima-y-no-fue-por-mas-por-marchesin\/","title":{"rendered":"Boca perdi\u00f3 1 a 0 con Alianza Lima y no fue por m\u00e1s por Marches\u00edn"},"content":{"rendered":"<article id=\"article-post\" class=\"first\">\n<div class=\"cuerpo\" data-twitter-link=\"https:\/\/twitter.com\/intent\/tweet?url=https:\/\/www.diariopopular.com.ar\/c829617&amp;via=poopulardiario&amp;related=Popular&amp;text=\">\n<p><strong>Decepcionante debut de Boca en la Copa Libertadores: perdi\u00f3 1 a 0 con Alianza Lima<\/strong>\u00a0de visitante en el encuentro de ida de la Fase 2\u00a0<strong>y la diferencia no fue mayor por Agust\u00edn Marches\u00edn<\/strong>\u00a0(el \u00fanico aprobado del Xeneize) y la falta de contundencia del local. El equipo de Gorosito golpe\u00f3 a los 4 minutos y Boca no reaccion\u00f3 en todo el encuentro.<\/p>\n<\/div>\n<\/article>\n<article id=\"article-post\">\n<div class=\"cuerpo\" data-twitter-link=\"https:\/\/twitter.com\/intent\/tweet?url=https:\/\/www.diariopopular.com.ar\/c829617&amp;via=poopulardiario&amp;related=Popular&amp;text=\">\n<p><strong>Boca jug\u00f3 un partido horrible. Domin\u00f3 la posesi\u00f3n del bal\u00f3n, pero apenas se acerc\u00f3 al arco rival y sufri\u00f3 todo el encuentro<\/strong>. Es que cuando tuvo la pelota dio pases para atr\u00e1s y predecibles para adelante. Sin lograr asociaciones ni tampoco apareci\u00f3 la rebeld\u00eda individual en ning\u00fan momento.<\/p>\n<p><strong>El Xeneize le facilit\u00f3 la tarea defensiva y ofensiva a Alianza Lima.\u00a0<\/strong>La primera por el flojo juego y ritmo que manej\u00f3 y ni siquiera animarse al mano a mano o alg\u00fan remate de afuera del \u00e1rea. Y en la segunda porque lo dej\u00f3 jugar, le hizo sombra m\u00e1s que marcar al equipo peruano. No presion\u00f3 alto, ni en conjunto y le dio tiempo y espacio en todo momento.<\/p>\n<p><strong>El local encontr\u00f3 la ventaja en el marcador a los 4 minutos con una jugada de lateral.\u00a0<\/strong>El bal\u00f3n fue dirigido al \u00e1rea, Erick Noriega control\u00f3 y defini\u00f3 al arco, Marches\u00edn tap\u00f3 en dos tiempos pero el rebote qued\u00f3 corto y Pablo Ceppellini anot\u00f3 el gol del triunfo de Alianza Lima que no fue mayor por el arquero.<\/p>\n<div id=\"embed43_wrap\" class=\"embed_cont type_freetext\" contenteditable=\"false\">\n<div id=\"embed43_content\" class=\"embed_content\">\n<div id=\"embed43_embed\"><iframe loading=\"lazy\" title=\"YouTube video player\" src=\"https:\/\/www.youtube.com\/embed\/RZ9sV7CElPk?si=IEOx_w2cVhuk5vet\" width=\"560\" height=\"315\" frameborder=\"0\" allowfullscreen=\"allowfullscreen\" data-gtm-yt-inspected-15=\"true\" data-mce-fragment=\"1\"><\/iframe><\/div>\n<\/div>\n<div id=\"embed43_epigrafe\" class=\"embed_epigrafe\"><\/div>\n<div id=\"embed43_copyright\" class=\"embed_copyright\"><\/div>\n<\/div>\n<p><strong>Marches\u00edn tuvo tres tapadas clar\u00edsimas:<\/strong>\u00a0a los 38&#8242; sac\u00f3 un remate flojo pero muy cercano de Hern\u00e1n Barcos, un minuto despu\u00e9s le achic\u00f3 r\u00e1pido a Castillo y tap\u00f3 su disparo con el cuerpo y a los 9&#8242; del complemento vol\u00f3 para despejar un buen tiro a media altura, nuevamente de Castillo.<\/p>\n<p><strong>Alianza Lima lo super\u00f3 f\u00edsicamente, t\u00e1cticamente y mentalmente\u00a0<\/strong>y no qued\u00f3 demostrada la superioridad t\u00e9cnica que se sabe tiene Boca con respecto al conjunto peruano.\u00a0<strong>Y Gago no encontr\u00f3 la soluci\u00f3n para que Boca deje de ser superado ni con indicaciones ni con los ingresos<\/strong>: de Exequiel Zeballos y Milt\u00f3n Gim\u00e9nez en el entretiempo y de Zen\u00f3n y Janson despu\u00e9s.<\/p>\n<p><strong>La mejor noticia para Boca es que est\u00e1 vivo en la serie porque la desventaja es m\u00ednima.<\/strong>\u00a0El pr\u00f3ximo martes, desde las 21.30, se definir\u00e1 todo en La Bombonera: tendr\u00e1 el apoyo de su gente, pero tambi\u00e9n la exigencia si pasan los minutos y no se ve una buena actuaci\u00f3n en el campo de juego.<\/p>\n<p>Y no ser\u00eda para menos la exigencia de los bosteros. Porque\u00a0<strong>si hay algo peor que quedar afuera de la Copa Libertadores\u00a0<\/strong>y de que se frustre el sue\u00f1o de conseguir la S\u00e9ptima<strong>\u00a0en la Fase 2, es que tambi\u00e9n se despedir\u00eda en febrero de las competencias internacionales por todo 2025\u00a0<\/strong>(el perdedor en esta instancia tampoco va a la Sudamericana).<\/p>\n<\/div>\n<\/article>\n","protected":false},"excerpt":{"rendered":"<p>Decepcionante debut de Boca en la Copa Libertadores: perdi\u00f3 1 a 0 con Alianza Lima\u00a0de visitante en el encuentro de<\/p>\n","protected":false},"author":1,"featured_media":21966,"comment_status":"closed","ping_status":"closed","sticky":false,"template":"","format":"standard","meta":{"footnotes":"","jetpack_publicize_message":"","jetpack_publicize_feature_enabled":true,"jetpack_social_post_already_shared":true,"jetpack_social_options":{"image_generator_settings":{"template":"highway","enabled":false},"version":2}},"categories":[9],"tags":[],"class_list":["post-21965","post","type-post","status-publish","format-standard","has-post-thumbnail","hentry","category-deportes"],"jetpack_publicize_connections":[],"_links":{"self":[{"href":"https:\/\/diariorepublica.com.ar\/web\/index.php\/wp-json\/wp\/v2\/posts\/21965"}],"collection":[{"href":"https:\/\/diariorepublica.com.ar\/web\/index.php\/wp-json\/wp\/v2\/posts"}],"about":[{"href":"https:\/\/diariorepublica.com.ar\/web\/index.php\/wp-json\/wp\/v2\/types\/post"}],"author":[{"embeddable":true,"href":"https:\/\/diariorepublica.com.ar\/web\/index.php\/wp-json\/wp\/v2\/users\/1"}],"replies":[{"embeddable":true,"href":"https:\/\/diariorepublica.com.ar\/web\/index.php\/wp-json\/wp\/v2\/comments?post=21965"}],"version-history":[{"count":1,"href":"https:\/\/diariorepublica.com.ar\/web\/index.php\/wp-json\/wp\/v2\/posts\/21965\/revisions"}],"predecessor-version":[{"id":21967,"href":"https:\/\/diariorepublica.com.ar\/web\/index.php\/wp-json\/wp\/v2\/posts\/21965\/revisions\/21967"}],"wp:featuredmedia":[{"embeddable":true,"href":"https:\/\/diariorepublica.com.ar\/web\/index.php\/wp-json\/wp\/v2\/media\/21966"}],"wp:attachment":[{"href":"https:\/\/diariorepublica.com.ar\/web\/index.php\/wp-json\/wp\/v2\/media?parent=21965"}],"wp:term":[{"taxonomy":"category","embeddable":true,"href":"https:\/\/diariorepublica.com.ar\/web\/index.php\/wp-json\/wp\/v2\/categories?post=21965"},{"taxonomy":"post_tag","embeddable":true,"href":"https:\/\/diariorepublica.com.ar\/web\/index.php\/wp-json\/wp\/v2\/tags?post=21965"}],"curies":[{"name":"wp","href":"https:\/\/api.w.org\/{rel}","templated":true}]}}