{"id":21974,"date":"2025-02-19T10:28:07","date_gmt":"2025-02-19T13:28:07","guid":{"rendered":"https:\/\/diariorepublica.com.ar\/web\/?p=21974"},"modified":"2025-02-19T10:28:09","modified_gmt":"2025-02-19T13:28:09","slug":"cambios-en-los-partidos-de-boca-e-independiente-y-los-arbitros-de-la-fecha-7","status":"publish","type":"post","link":"https:\/\/diariorepublica.com.ar\/web\/index.php\/deportes\/2025\/02\/19\/cambios-en-los-partidos-de-boca-e-independiente-y-los-arbitros-de-la-fecha-7\/","title":{"rendered":"Cambios en los partidos de Boca e Independiente y los \u00e1rbitros de la fecha 7"},"content":{"rendered":"<p><b>La intensa ola de calor que azotar\u00e1 a la Argentina en los pr\u00f3ximos d\u00edas\u00a0<\/b>oblig\u00f3 a tomar decisiones con respecto a los horarios de los partidos del Torneo Apertura de la Liga Profesional y, para la s\u00e9ptima jornada,\u00a0<b>dos de los equipos grandes tendr\u00e1n modificaciones\u00a0<\/b>en sus programaciones para jugar de local:\u00a0<b>Independiente ante Instituto y Boca contra Aldosivi<\/b>. Adem\u00e1s, se dieron a conocer los equipos arbitrales a cargo de los encuentros.<\/p>\n<p>Seg\u00fan inform\u00f3 la Asociaci\u00f3n del F\u00fatbol Argentino,<b>\u00a0el Rojo recibir\u00e1 a La Gloria\u00a0<\/b>por la Zona B este s\u00e1bado en el Estadio Libertadores de Am\u00e9rica &#8211; Ricardo Enrique Bochini\u00a0<b>a las 18 y no a las 17,<\/b>\u00a0como estaba programado originalmente.\u00a0<b>Yael Falc\u00f3n P\u00e9rez<\/b>\u00a0ser\u00e1 el juez principal y Nicol\u00e1s Lamolina estar\u00e1 en el VAR. M\u00e1s tarde,\u00a0<b>el Xeneize se ver\u00e1 las caras con el Tibur\u00f3n<\/b>\u00a0en La Bombonera pero\u00a0<b>no ser\u00e1 a las 19.15 sino que se retras\u00f3 un cuarto de hora, dando inicio a las 19.30.\u00a0<\/b>All\u00ed impartir\u00e1 justicia<b>\u00a0Leandro Rey Hilfer\u00a0<\/b>con Mauro Vigliano en el VAR.<\/p>\n<div class=\"embedContent\">\n<div class=\"twitter-tweet twitter-tweet-rendered\"><iframe id=\"twitter-widget-0\" class=\"\" title=\"X Post\" src=\"https:\/\/platform.twitter.com\/embed\/Tweet.html?dnt=false&amp;embedId=twitter-widget-0&amp;features=eyJ0ZndfdGltZWxpbmVfbGlzdCI6eyJidWNrZXQiOltdLCJ2ZXJzaW9uIjpudWxsfSwidGZ3X2ZvbGxvd2VyX2NvdW50X3N1bnNldCI6eyJidWNrZXQiOnRydWUsInZlcnNpb24iOm51bGx9LCJ0ZndfdHdlZXRfZWRpdF9iYWNrZW5kIjp7ImJ1Y2tldCI6Im9uIiwidmVyc2lvbiI6bnVsbH0sInRmd19yZWZzcmNfc2Vzc2lvbiI6eyJidWNrZXQiOiJvbiIsInZlcnNpb24iOm51bGx9LCJ0ZndfZm9zbnJfc29mdF9pbnRlcnZlbnRpb25zX2VuYWJsZWQiOnsiYnVja2V0Ijoib24iLCJ2ZXJzaW9uIjpudWxsfSwidGZ3X21peGVkX21lZGlhXzE1ODk3Ijp7ImJ1Y2tldCI6InRyZWF0bWVudCIsInZlcnNpb24iOm51bGx9LCJ0ZndfZXhwZXJpbWVudHNfY29va2llX2V4cGlyYXRpb24iOnsiYnVja2V0IjoxMjA5NjAwLCJ2ZXJzaW9uIjpudWxsfSwidGZ3X3Nob3dfYmlyZHdhdGNoX3Bpdm90c19lbmFibGVkIjp7ImJ1Y2tldCI6Im9uIiwidmVyc2lvbiI6bnVsbH0sInRmd19kdXBsaWNhdGVfc2NyaWJlc190b19zZXR0aW5ncyI6eyJidWNrZXQiOiJvbiIsInZlcnNpb24iOm51bGx9LCJ0ZndfdXNlX3Byb2ZpbGVfaW1hZ2Vfc2hhcGVfZW5hYmxlZCI6eyJidWNrZXQiOiJvbiIsInZlcnNpb24iOm51bGx9LCJ0ZndfdmlkZW9faGxzX2R5bmFtaWNfbWFuaWZlc3RzXzE1MDgyIjp7ImJ1Y2tldCI6InRydWVfYml0cmF0ZSIsInZlcnNpb24iOm51bGx9LCJ0ZndfbGVnYWN5X3RpbWVsaW5lX3N1bnNldCI6eyJidWNrZXQiOnRydWUsInZlcnNpb24iOm51bGx9LCJ0ZndfdHdlZXRfZWRpdF9mcm9udGVuZCI6eyJidWNrZXQiOiJvbiIsInZlcnNpb24iOm51bGx9fQ%3D%3D&amp;frame=false&amp;hideCard=false&amp;hideThread=false&amp;id=1891918445987418330&amp;lang=es&amp;origin=https%3A%2F%2Fwww.tycsports.com%2Findependiente%2Fpor-la-ola-de-calor-se-modificaron-los-hoarios-de-los-partidos-de-boca-e-independiente-id636321.html&amp;sessionId=91df84d414cff27c52862443b19587d616c89bf0&amp;theme=light&amp;widgetsVersion=2615f7e52b7e0%3A1702314776716&amp;width=550px\" frameborder=\"0\" scrolling=\"no\" allowfullscreen=\"allowfullscreen\" data-tweet-id=\"1891918445987418330\" data-mce-fragment=\"1\"><\/iframe><\/div>\n<\/div>\n<p>\u00a0<\/p>\n<p><strong>Racing posterg\u00f3 su partido ante Uni\u00f3n<\/strong><\/p>\n<p>En la s\u00e9ptima fecha del Torneo Apertura de la Liga Profesional,\u00a0<b>Racing visitar\u00e1 a Uni\u00f3n de Santa Fe.<\/b>\u00a0El duelo\u00a0<b>estaba pautado para el domingo 23 de febrero a las 21.30,\u00a0<\/b>pero La Academia solicit\u00f3 la postergaci\u00f3n porque ser\u00e1<b>\u00a0entre la ida y la vuelta de la Recopa Sudamericana ante Botafogo<\/b>. La AFA dio el visto bueno al pedido por tratarse de una final y<b>\u00a0el encuentro se pas\u00f3 para el 20 de marzo a las 21.<\/b><\/p>\n<p><strong>Los \u00e1rbitros de la fecha 7<\/strong><\/p>\n<p><b>Viernes 21 de febrero<\/b><\/p>\n<p><b>17 Deportivo Riestra \u2013 Talleres (Zona B) -ESPN-<\/b><\/p>\n<p>\u00c1rbitro: Fernando Echenique<\/p>\n<p>\u00c1rbitro asistente 1: Ezequiel Brailovsky<\/p>\n<p>\u00c1rbitro asistente 2: Lucas Germanotta<\/p>\n<p>Cuarto \u00e1rbitro: Kevin Alegre<\/p>\n<p>VAR: H\u00e9ctor Paletta<\/p>\n<p>AVAR: Laura Fortunato<\/p>\n<p><b>19.15 Estudiantes \u2013 Central C\u00f3rdoba (Zona A) -ESPN-<\/b><\/p>\n<p>\u00c1rbitro: Andr\u00e9s Merlos<\/p>\n<p>\u00c1rbitro asistente 1: Diego Bonfa<\/p>\n<p>\u00c1rbitro asistente 2: Julio Fern\u00e1ndez<\/p>\n<p>Cuarto \u00e1rbitro: Gast\u00f3n Mons\u00f3n Brizuela<\/p>\n<p>VAR: Silvio Trucco<\/p>\n<p>AVAR: Javier Mihura<\/p>\n<p><b>19.15 Godoy Cruz \u2013 Platense (Zona B) -TNT Sports-<\/b><\/p>\n<p>\u00c1rbitro: Pablo D\u00f3valo<\/p>\n<p>\u00c1rbitro asistente 1: Pablo Acevedo<\/p>\n<p>\u00c1rbitro asistente 2: Gisella Bosso<\/p>\n<p>Cuarto \u00e1rbitro: Nahuel Vi\u00f1as<\/p>\n<p>VAR: Salom\u00e9 Di Iorio<\/p>\n<p>AVAR: Pablo Gonz\u00e1lez<\/p>\n<p><b>21.30 Lan\u00fas \u2013 V\u00e9lez (Zona B) -TNT Sports-<\/b><\/p>\n<p>\u00c1rbitro: Sebastian Mart\u00ednez<\/p>\n<p>\u00c1rbitro asistente 1: Sebastian Raineri<\/p>\n<p>\u00c1rbitro asistente 2: Erik Grunmann<\/p>\n<p>Cuarto \u00e1rbitro: Jorge Broggi<\/p>\n<p>VAR: Jos\u00e9 Carreras<\/p>\n<p>AVAR: Mariana De Almeida<\/p>\n<p><b>S\u00e1bado 22 de febrero<\/b><\/p>\n<p><b>18 Independiente \u2013 Instituto (Zona B) -ESPN-<\/b><\/p>\n<p>\u00c1rbitro: Yael Falc\u00f3n P\u00e9rez<\/p>\n<p>\u00c1rbitro asistente 1: Adri\u00e1n Delbarba<\/p>\n<p>\u00c1rbitro asistente 2: Iv\u00e1n Aliende<\/p>\n<p>Cuarto \u00e1rbitro: Julio Barraza<\/p>\n<p>VAR: Nicol\u00e1s Lamolina<\/p>\n<p>AVAR: Gerardo Lencina<\/p>\n<p><b>19.30 Boca \u2013 Aldosivi (Zona A) -TNT Sports-<\/b><\/p>\n<p>\u00c1rbitro: Leandro Rey Hilfer<\/p>\n<p>\u00c1rbitro asistente 1: Maximiliano Del Yesso<\/p>\n<p>\u00c1rbitro asistente 2: Juan Del Fueyo<\/p>\n<p>Cuarto \u00e1rbitro: Lucas Comesa\u00f1a<\/p>\n<p>VAR: Mauro Vigliano<\/p>\n<p>AVAR: Gisella Trucco<\/p>\n<p><b>21.30 San Mart\u00edn (SJ) \u2013 River (Zona B) -ESPN-<\/b><\/p>\n<p>\u00c1rbitro: Andr\u00e9s Gariano<\/p>\n<p>\u00c1rbitro asistente 1: Miguel Savorani<\/p>\n<p>\u00c1rbitro asistente 2: Iv\u00e1n N\u00fa\u00f1ez<\/p>\n<p>Cuarto \u00e1rbitro: Joaquin Gil<\/p>\n<p>VAR: Jorge Bali\u00f1o<\/p>\n<p>AVAR: Julio Fern\u00e1ndez<\/p>\n<p><b>21.45 Rosario Central \u2013 Sarmiento (Zona B) -TNT Sports-<\/b><\/p>\n<p>\u00c1rbitro: Luis Lobo Medina<\/p>\n<p>\u00c1rbitro asistente 1: Cristian Navarro<\/p>\n<p>\u00c1rbitro asistente 2: Eduardo Lucero<\/p>\n<p>Cuarto \u00e1rbitro: Dario Sandoval<\/p>\n<p>VAR: Pablo Echavarr\u00eda<\/p>\n<p>AVAR: Gast\u00f3n Mons\u00f3n Brizuela<\/p>\n<p><b>Domingo 23 de febrero<\/b><\/p>\n<p><b>18 Hurac\u00e1n \u2013 San Lorenzo (interzonal) -TNT Sports\/ ESPN-<\/b><\/p>\n<p>\u00c1rbitro: Dar\u00edo Herrera<\/p>\n<p>\u00c1rbitro asistente 1: Gabriel Chade<\/p>\n<p>\u00c1rbitro asistente 2: Jos\u00e9 Castelli<\/p>\n<p>Cuarto \u00e1rbitro: Sebasti\u00e1n Zunino<\/p>\n<p>VAR: Lucas Novelli<\/p>\n<p>AVAR: Diego Verlotta<\/p>\n<p><b>21 Atl\u00e9tico Tucum\u00e1n \u2013 Gimnasia (Zona B) -TNT Sports-<\/b><\/p>\n<p>\u00c1rbitro: Daniel Zamora<\/p>\n<p>\u00c1rbitro asistente 1: Juan Mamani<\/p>\n<p>\u00c1rbitro asistente 2: Marcos Horticolou<\/p>\n<p>Cuarto \u00e1rbitro: Federico Ben\u00edtez<\/p>\n<p>VAR: Nazareno Arasa<\/p>\n<p>AVAR: Gast\u00f3n Su\u00e1rez<\/p>\n<p><b>21 Belgrano \u2013 Defensa y Justicia (Zona A) -ESPN-<\/b><\/p>\n<p>\u00c1rbitro: Fernando Espinoza<\/p>\n<p>\u00c1rbitro asistente 1: Facundo Rodr\u00edguez<\/p>\n<p>\u00c1rbitro asistente 2: Federico Cano<\/p>\n<p>Cuarto \u00e1rbitro: Maximiliano Silc\u00e1n Jerez<\/p>\n<p>VAR: Germ\u00e1n Delfino<\/p>\n<p>AVAR: Gast\u00f3n Iglesias<\/p>\n<p><b>Lunes 24 de febrero<\/b><\/p>\n<p><b>17 Barracas Central \u2013 Newell\u2019s (Zona A) -ESPN-<\/b><\/p>\n<p>\u00c1rbitro: Pablo Echavarr\u00eda<\/p>\n<p>\u00c1rbitro asistente 1: Pablo Gonz\u00e1lez<\/p>\n<p>\u00c1rbitro asistente 2: Walter Ferreyra<\/p>\n<p>Cuarto \u00e1rbitro: Ariel Cruz<\/p>\n<p>VAR: Hern\u00e1n Mastr\u00e1ngelo<\/p>\n<p>AVAR: Diego Romero<\/p>\n<p><b>19 Argentinos \u2013 Independiente Rivadavia (Zona A) -TNT Sports-<\/b><\/p>\n<p>\u00c1rbitro: Nicol\u00e1s Ram\u00edrez<\/p>\n<p>\u00c1rbitro asistente 1: Pablo Gualtieri<\/p>\n<p>\u00c1rbitro asistente 2: Lucas Ripoli<\/p>\n<p>Cuarto \u00e1rbitro: Pablo Gim\u00e9nez<\/p>\n<p>VAR: Felipe Viola<\/p>\n<p>AVAR: Juan Del Fueyo<\/p>\n<p><b>21 Tigre \u2013 Banfield (Zona A) -ESPN-<\/b><\/p>\n<p>\u00c1rbitro: Nazareno Arasa<\/p>\n<p>\u00c1rbitro asistente 1: Juan Pablo Belatti<\/p>\n<p>\u00c1rbitro asistente 2: Uriel Garc\u00eda Leri<\/p>\n<p>Cuarto \u00e1rbitro: Am\u00e9rico Monsalvo<\/p>\n<p>VAR: Adri\u00e1n Franklin<\/p>\n<p>AVAR: Jos\u00e9 Castelli<\/p>\n<p><b>Jueves 20 de marzo<\/b><\/p>\n<p><b>21 Uni\u00f3n \u2013 Racing (Zona A) -TNT Sports-<\/b><\/p>\n<p>Sin designaci\u00f3n.<\/p>\n<p>\u00a0<\/p>\n<p>tycspots.com<\/p>\n\n\n<p><\/p>\n","protected":false},"excerpt":{"rendered":"<p>La intensa ola de calor que azotar\u00e1 a la Argentina en los pr\u00f3ximos d\u00edas\u00a0oblig\u00f3 a tomar decisiones con respecto a<\/p>\n","protected":false},"author":1,"featured_media":0,"comment_status":"closed","ping_status":"closed","sticky":false,"template":"","format":"standard","meta":{"footnotes":"","jetpack_publicize_message":"","jetpack_publicize_feature_enabled":true,"jetpack_social_post_already_shared":true,"jetpack_social_options":{"image_generator_settings":{"template":"highway","enabled":false},"version":2}},"categories":[9],"tags":[],"class_list":["post-21974","post","type-post","status-publish","format-standard","hentry","category-deportes"],"jetpack_publicize_connections":[],"_links":{"self":[{"href":"https:\/\/diariorepublica.com.ar\/web\/index.php\/wp-json\/wp\/v2\/posts\/21974"}],"collection":[{"href":"https:\/\/diariorepublica.com.ar\/web\/index.php\/wp-json\/wp\/v2\/posts"}],"about":[{"href":"https:\/\/diariorepublica.com.ar\/web\/index.php\/wp-json\/wp\/v2\/types\/post"}],"author":[{"embeddable":true,"href":"https:\/\/diariorepublica.com.ar\/web\/index.php\/wp-json\/wp\/v2\/users\/1"}],"replies":[{"embeddable":true,"href":"https:\/\/diariorepublica.com.ar\/web\/index.php\/wp-json\/wp\/v2\/comments?post=21974"}],"version-history":[{"count":1,"href":"https:\/\/diariorepublica.com.ar\/web\/index.php\/wp-json\/wp\/v2\/posts\/21974\/revisions"}],"predecessor-version":[{"id":21975,"href":"https:\/\/diariorepublica.com.ar\/web\/index.php\/wp-json\/wp\/v2\/posts\/21974\/revisions\/21975"}],"wp:attachment":[{"href":"https:\/\/diariorepublica.com.ar\/web\/index.php\/wp-json\/wp\/v2\/media?parent=21974"}],"wp:term":[{"taxonomy":"category","embeddable":true,"href":"https:\/\/diariorepublica.com.ar\/web\/index.php\/wp-json\/wp\/v2\/categories?post=21974"},{"taxonomy":"post_tag","embeddable":true,"href":"https:\/\/diariorepublica.com.ar\/web\/index.php\/wp-json\/wp\/v2\/tags?post=21974"}],"curies":[{"name":"wp","href":"https:\/\/api.w.org\/{rel}","templated":true}]}}