{"id":2199,"date":"2023-04-30T18:34:21","date_gmt":"2023-04-30T21:34:21","guid":{"rendered":"https:\/\/diariorepublica.com.ar\/web\/?p=2199"},"modified":"2023-04-30T18:34:22","modified_gmt":"2023-04-30T21:34:22","slug":"el-nuevo-parte-medico-de-jorge-rial-revelo-que-sufrio-un-infarto-debio-ser-reanimado-y-ahora-esta-estable","status":"publish","type":"post","link":"https:\/\/diariorepublica.com.ar\/web\/index.php\/espectaculos\/2023\/04\/30\/el-nuevo-parte-medico-de-jorge-rial-revelo-que-sufrio-un-infarto-debio-ser-reanimado-y-ahora-esta-estable\/","title":{"rendered":"El nuevo parte m\u00e9dico de Jorge Rial revel\u00f3 que sufri\u00f3 un infarto, debi\u00f3 ser reanimado y ahora est\u00e1 estable"},"content":{"rendered":"<p class=\"paragraph\">Este s\u00e1bado por la noche se conoci\u00f3 que<b>\u00a0<\/b><b>Jorge Rial fue internado de urgencia en Colombia<\/b>\u00a0por un cuadro cardiovascular. En la tarde de este domingo el periodista \u00c1ngel de Brito dio informaci\u00f3n sobre el nuevo parte m\u00e9dico.<\/p>\n<p class=\"paragraph\">\u201cEl parte de Jorge Rial:\u00a0<b>infarto agudo de miocardio. Taquicardia ventricular. Se reanim\u00f3, se intub\u00f3.<\/b>\u00a0Cateterismo cardiaco y ahora est\u00e1 estable. A la espera de su evoluci\u00f3n\u201d, escribi\u00f3 en un tuit.<\/p>\n<p class=\"paragraph\">Adem\u00e1s, se\u00f1al\u00f3: \u201c<b>Lo m\u00e1s complicado fue la taquicardia ventricular que lo lleva al paro card\u00edaco<\/b>\u00a0(es una de las causas de muerte s\u00fabita). Es una de las arritmias m\u00e1s graves\u201d.<\/p>\n<figure class=\"\">\n<div class=\"aspect_ratio__container\"><picture class=\"responsive-image\"><source srcset=\"https:\/\/tn.com.ar\/resizer\/kY0IbdXv2kxOCDKRZG4jwiGcxeA=\/767x0\/smart\/filters:format(webp)\/cloudfront-us-east-1.images.arcpublishing.com\/artear\/U64FIPU2TRB5VKPKBV3X2ZITTE.JPG\" type=\"image\/jpg\" media=\"(max-width: 728px)\" \/><source srcset=\"https:\/\/tn.com.ar\/resizer\/fBzd4uuwTJm0de4dZbVTNihzJds=\/1023x0\/smart\/filters:format(webp)\/cloudfront-us-east-1.images.arcpublishing.com\/artear\/U64FIPU2TRB5VKPKBV3X2ZITTE.JPG\" type=\"image\/jpg\" media=\"(max-width: 1023px)\" \/><source srcset=\"https:\/\/tn.com.ar\/resizer\/bYyTnUTCbUgh8etXUeXQ1KygKiA=\/1440x0\/smart\/filters:format(webp)\/cloudfront-us-east-1.images.arcpublishing.com\/artear\/U64FIPU2TRB5VKPKBV3X2ZITTE.JPG\" type=\"image\/jpg\" \/><img decoding=\"async\" class=\"image content-image image_placeholder\" src=\"https:\/\/tn.com.ar\/resizer\/kY0IbdXv2kxOCDKRZG4jwiGcxeA=\/767x0\/smart\/filters:format(webp)\/cloudfront-us-east-1.images.arcpublishing.com\/artear\/U64FIPU2TRB5VKPKBV3X2ZITTE.JPG\" alt=\"El parte sobre el estado de salud de Jorge Rial. (Foto: Captura Twitter \/@AngeldebritoOk)\" \/><\/picture><\/div><figcaption class=\"caption_image\">\n<div class=\"image_caption\">El parte sobre el estado de salud de Jorge Rial. (Foto: Captura Twitter \/@AngeldebritoOk)<\/div>\n<\/figcaption><\/figure>\n<h6 class=\"font--primary\">El m\u00e9dico personal de Jorge Rial revel\u00f3 qu\u00e9 fue a hacer a Colombia<\/h6>\n<p class=\"paragraph\">El doctor detall\u00f3 que el s\u00e1bado por la tarde hab\u00eda sido la \u00faltima conversaci\u00f3n que mantuvo con Rial. \u201cMe mand\u00f3 un mensaje dici\u00e9ndome que se sinti\u00f3 mal a la noche,<b>\u00a0ten\u00eda un dolor en el pecho<\/b>\u201d, relat\u00f3.<\/p>\n<p class=\"paragraph\">Adem\u00e1s, cont\u00f3 que el conductor viaj\u00f3 a Colombia por \u201c<b>un tema de trabajo<\/b>\u201d. \u201cTengo mucha relaci\u00f3n amistosa con Jorge, desde hace muchos a\u00f1os\u201d, afirm\u00f3. Despu\u00e9s, comenz\u00f3 a relatar c\u00f3mo fueron las \u00faltimas horas de Rial, previo a la descompensaci\u00f3n en la cl\u00ednica donde se encuentra internado.<\/p>\n<p class=\"paragraph\">\u201cCuando fue a la cl\u00ednica qued\u00f3 internado para hacerle un cateterismo y visualizar si ten\u00eda una afecci\u00f3n card\u00edaca\u201d, sum\u00f3 el doctor de confianza de Jorge. \u201cEn ese \u00ednterin,<b>\u00a0hace un cuadro de descompensaci\u00f3n estando internado<\/b>\u201d, dijo el profesional y\u00a0<b>recalc\u00f3 que \u201cpor suerte los m\u00e9dicos actuaron r\u00e1pidamente\u201d<\/b>.<\/p>\n<p class=\"paragraph\">Tras ese episodio,\u00a0<b>llevaron a Jorge Rial a la sala de hemodinamia<\/b>, donde le colocaron una arteria ubicada en la zona \u201cdonde se toma el pulso\u201d. \u201cSe vio que una arteria estaba obstruida, se le coloc\u00f3 un stend y se estabiliz\u00f3\u201d, explic\u00f3 Capuya. Y agreg\u00f3:<b>\u00a0\u201cLe avis\u00e9 a las hijas para que viaje, porque est\u00e1 solo all\u00e1\u201d<\/b>.<\/p>\n<p class=\"paragraph\">Adem\u00e1s, Guillermo Capuya<b>\u00a0cont\u00f3 que el conductor \u201cest\u00e1 mejorando con respecto al d\u00eda de ayer\u201d<\/b>\u00a0y que \u00e9l viajar\u00e1 a Colombia para evaluar la situaci\u00f3n y ver cu\u00e1l es la mejor manera de traerlo a Argentina. \u201cPuede venir\u00a0<b>en avi\u00f3n com\u00fan o sanitario con cuidados<\/b>. No hay nada que nos apure, puede quedarse el tiempo que requiera\u201d, concluy\u00f3.<\/p>\n","protected":false},"excerpt":{"rendered":"<p>Este s\u00e1bado por la noche se conoci\u00f3 que\u00a0Jorge Rial fue internado de urgencia en Colombia\u00a0por un cuadro cardiovascular. En la<\/p>\n","protected":false},"author":1,"featured_media":2200,"comment_status":"closed","ping_status":"closed","sticky":false,"template":"","format":"standard","meta":{"footnotes":"","jetpack_publicize_message":"","jetpack_publicize_feature_enabled":true,"jetpack_social_post_already_shared":false,"jetpack_social_options":{"image_generator_settings":{"template":"highway","enabled":false},"version":2}},"categories":[7],"tags":[],"class_list":["post-2199","post","type-post","status-publish","format-standard","has-post-thumbnail","hentry","category-espectaculos"],"jetpack_publicize_connections":[],"_links":{"self":[{"href":"https:\/\/diariorepublica.com.ar\/web\/index.php\/wp-json\/wp\/v2\/posts\/2199"}],"collection":[{"href":"https:\/\/diariorepublica.com.ar\/web\/index.php\/wp-json\/wp\/v2\/posts"}],"about":[{"href":"https:\/\/diariorepublica.com.ar\/web\/index.php\/wp-json\/wp\/v2\/types\/post"}],"author":[{"embeddable":true,"href":"https:\/\/diariorepublica.com.ar\/web\/index.php\/wp-json\/wp\/v2\/users\/1"}],"replies":[{"embeddable":true,"href":"https:\/\/diariorepublica.com.ar\/web\/index.php\/wp-json\/wp\/v2\/comments?post=2199"}],"version-history":[{"count":1,"href":"https:\/\/diariorepublica.com.ar\/web\/index.php\/wp-json\/wp\/v2\/posts\/2199\/revisions"}],"predecessor-version":[{"id":2201,"href":"https:\/\/diariorepublica.com.ar\/web\/index.php\/wp-json\/wp\/v2\/posts\/2199\/revisions\/2201"}],"wp:featuredmedia":[{"embeddable":true,"href":"https:\/\/diariorepublica.com.ar\/web\/index.php\/wp-json\/wp\/v2\/media\/2200"}],"wp:attachment":[{"href":"https:\/\/diariorepublica.com.ar\/web\/index.php\/wp-json\/wp\/v2\/media?parent=2199"}],"wp:term":[{"taxonomy":"category","embeddable":true,"href":"https:\/\/diariorepublica.com.ar\/web\/index.php\/wp-json\/wp\/v2\/categories?post=2199"},{"taxonomy":"post_tag","embeddable":true,"href":"https:\/\/diariorepublica.com.ar\/web\/index.php\/wp-json\/wp\/v2\/tags?post=2199"}],"curies":[{"name":"wp","href":"https:\/\/api.w.org\/{rel}","templated":true}]}}