{"id":22007,"date":"2025-02-20T07:20:00","date_gmt":"2025-02-20T10:20:00","guid":{"rendered":"https:\/\/diariorepublica.com.ar\/web\/?p=22007"},"modified":"2025-02-20T16:20:57","modified_gmt":"2025-02-20T19:20:57","slug":"milei-transformo-el-banco-nacion-en-una-sociedad-anonima","status":"publish","type":"post","link":"https:\/\/diariorepublica.com.ar\/web\/index.php\/politica\/2025\/02\/20\/milei-transformo-el-banco-nacion-en-una-sociedad-anonima\/","title":{"rendered":"Milei transform\u00f3 el Banco Naci\u00f3n en una sociedad an\u00f3nima"},"content":{"rendered":"<article id=\"article-post\" class=\"first\">\n<div class=\"cuerpo\" data-twitter-link=\"https:\/\/twitter.com\/intent\/tweet?url=https:\/\/www.diariopopular.com.ar\/c829901&amp;via=poopulardiario&amp;related=Popular&amp;text=\">\n<p><strong>Javier Milei<\/strong>\u00a0firm\u00f3 el decreto que transforma al\u00a0<strong>Banco Naci\u00f3n<\/strong>\u00a0en una sociedad an\u00f3nima.<\/p>\n<\/div>\n<\/article>\n<article id=\"article-post\">\n<div class=\"cuerpo\" data-twitter-link=\"https:\/\/twitter.com\/intent\/tweet?url=https:\/\/www.diariopopular.com.ar\/c829901&amp;via=poopulardiario&amp;related=Popular&amp;text=\">\n<p>As\u00ed lo anunci\u00f3 el\u00a0<strong>vocero presidencial, Manuel Adorni<\/strong>, en redes sociales, en un mensaje que complet\u00f3 con la frase \u00abDios bendiga a la Rep\u00fablica Argentina\u00bb y su tradicional \u00abFin\u00bb.<\/p>\n<p>En el art\u00edculo 1 se detalla: \u201c<strong>Disp\u00f3nese la transformaci\u00f3n del ente aut\u00e1rquico BANCO DE LA NACI\u00d3N ARGENTINA en BANCO DE LA NACI\u00d3N ARGENTINA SOCIEDAD AN\u00d3NIMA (BNA S.A.) en la \u00f3rbita del MINISTERIO DE ECONOM\u00cdA<\/strong>, de acuerdo con las disposiciones de este decreto, bajo el r\u00e9gimen de la Ley General de Sociedades N\u00b0 19.550 &#8211; T.O. 1984, como continuadora del ente aut\u00e1rquico en todos sus derechos y obligaciones y sometida a la Ley N\u00b0 21.526\u2033.<\/p>\n<p>En el art\u00edculo 3 se detall\u00f3 que<strong>\u00a0los accionistas<\/strong>\u00a0del Banco de la Naci\u00f3n Argentina Sociedad An\u00f3nima (BNA S.A.) \u201c<strong>ser\u00e1n el Estado Nacional, quien tendr\u00e1 la titularidad del noventa y nueve como nueve por ciento<\/strong>\u00a0(99,9 %) del capital social y que ejercer\u00e1 todos sus derechos a trav\u00e9s del Ministerio de Econom\u00eda y la\u00a0<strong>Fundaci\u00f3n Banco de la Naci\u00f3n Argentina<\/strong>, quien tendr\u00e1 la titularidad del CERO COMA UNO POR CIENTO (0,1 %) del capital social\u00bb.<\/p>\n<p>Adem\u00e1s, en el decreto se remarc\u00f3 que el capital social del BNA S.A. \u201cse prev\u00e9 en la suma de PESOS UN BILL\u00d3N SEISCIENTOS DOS MIL DOSCIENTOS SETENTA Y CUATRO MILLONES NOVECIENTOS SESENTA Y CINCO MIL ($1.602.274.965.000), el cual deber\u00e1 ser suscripto e integrado en su totalidad, debiendo constar ello en su Acta de Constituci\u00f3n\u201d.<\/p>\n<p>El Gobierno\u00a0<strong>hab\u00eda incluido al Banco Naci\u00f3n<\/strong>\u00a0en el listado de empresas a privatizar, pero finalmente fue excluido de ese listado por el Congreso.<\/p>\n<p>Seg\u00fan se indic\u00f3 en su momento desde el Banco Naci\u00f3n, la transformaci\u00f3n en sociedad an\u00f3nima es\u00a0<strong>\u201cimprescindible\u201d<\/strong>\u00a0para que la entidad \u201ccontin\u00fae aumentando los pr\u00e9stamos a favor de las PyMEs y las familias\u201d.<\/p>\n<p>\u00abPara sostener ese crecimiento, la instituci\u00f3n\u00a0<strong>necesitar\u00e1 ampliar su fondeo<\/strong>, lo que podr\u00e1 hacer abriendo su capital, para lo cual es esencial que se convierta en Sociedad An\u00f3nima y que tenga la aprobaci\u00f3n del Congreso\u00bb, se\u00f1alan desde el Naci\u00f3n.<\/p>\n<\/div>\n<\/article>\n","protected":false},"excerpt":{"rendered":"<p>Javier Milei\u00a0firm\u00f3 el decreto que transforma al\u00a0Banco Naci\u00f3n\u00a0en una sociedad an\u00f3nima. As\u00ed lo anunci\u00f3 el\u00a0vocero presidencial, Manuel Adorni, en redes<\/p>\n","protected":false},"author":1,"featured_media":22008,"comment_status":"closed","ping_status":"closed","sticky":false,"template":"","format":"standard","meta":{"footnotes":"","jetpack_publicize_message":"","jetpack_publicize_feature_enabled":true,"jetpack_social_post_already_shared":true,"jetpack_social_options":{"image_generator_settings":{"template":"highway","enabled":false},"version":2}},"categories":[12],"tags":[],"class_list":["post-22007","post","type-post","status-publish","format-standard","has-post-thumbnail","hentry","category-politica"],"jetpack_publicize_connections":[],"_links":{"self":[{"href":"https:\/\/diariorepublica.com.ar\/web\/index.php\/wp-json\/wp\/v2\/posts\/22007"}],"collection":[{"href":"https:\/\/diariorepublica.com.ar\/web\/index.php\/wp-json\/wp\/v2\/posts"}],"about":[{"href":"https:\/\/diariorepublica.com.ar\/web\/index.php\/wp-json\/wp\/v2\/types\/post"}],"author":[{"embeddable":true,"href":"https:\/\/diariorepublica.com.ar\/web\/index.php\/wp-json\/wp\/v2\/users\/1"}],"replies":[{"embeddable":true,"href":"https:\/\/diariorepublica.com.ar\/web\/index.php\/wp-json\/wp\/v2\/comments?post=22007"}],"version-history":[{"count":1,"href":"https:\/\/diariorepublica.com.ar\/web\/index.php\/wp-json\/wp\/v2\/posts\/22007\/revisions"}],"predecessor-version":[{"id":22009,"href":"https:\/\/diariorepublica.com.ar\/web\/index.php\/wp-json\/wp\/v2\/posts\/22007\/revisions\/22009"}],"wp:featuredmedia":[{"embeddable":true,"href":"https:\/\/diariorepublica.com.ar\/web\/index.php\/wp-json\/wp\/v2\/media\/22008"}],"wp:attachment":[{"href":"https:\/\/diariorepublica.com.ar\/web\/index.php\/wp-json\/wp\/v2\/media?parent=22007"}],"wp:term":[{"taxonomy":"category","embeddable":true,"href":"https:\/\/diariorepublica.com.ar\/web\/index.php\/wp-json\/wp\/v2\/categories?post=22007"},{"taxonomy":"post_tag","embeddable":true,"href":"https:\/\/diariorepublica.com.ar\/web\/index.php\/wp-json\/wp\/v2\/tags?post=22007"}],"curies":[{"name":"wp","href":"https:\/\/api.w.org\/{rel}","templated":true}]}}