{"id":22010,"date":"2025-02-20T14:24:00","date_gmt":"2025-02-20T17:24:00","guid":{"rendered":"https:\/\/diariorepublica.com.ar\/web\/?p=22010"},"modified":"2025-02-20T16:26:16","modified_gmt":"2025-02-20T19:26:16","slug":"el-gobierno-convoco-a-la-mesa-del-salario-minimo-docente-tras-el-anuncio-del-paro","status":"publish","type":"post","link":"https:\/\/diariorepublica.com.ar\/web\/index.php\/nacionales\/2025\/02\/20\/el-gobierno-convoco-a-la-mesa-del-salario-minimo-docente-tras-el-anuncio-del-paro\/","title":{"rendered":"El Gobierno convoc\u00f3 a la mesa del salario m\u00ednimo docente tras el anuncio del paro"},"content":{"rendered":"<p>Tras el anuncio de un paro nacional para el 24 de febrero y el 5 de marzo por parte de los sindicatos del sector docente, el Gobierno convoc\u00f3 finalmente a una mesa para discutir una actualizaci\u00f3n salarial.<\/p>\n<p>Seg\u00fan trascendi\u00f3, el encuentro se realizar\u00e1 este lunes a partir de las 15 horas en la Secretar\u00eda de Trabajo.<\/p>\n<p>\u201cEl Ministerio de Capital Humano informa que convoca para este lunes 24 a la mesa del Salario M\u00ednimo Docente Garantizado en l\u00ednea con el di\u00e1logo siempre abierto por las secretar\u00edas de Educaci\u00f3n y Trabajo de esta cartera\u201d, comunicaron desde el Ejecutivo.<\/p>\n<p>La reuni\u00f3n contar\u00e1 con la participaci\u00f3n de los gremios docentes nacionales y del comit\u00e9 ejecutivo del Consejo Federal de Educaci\u00f3n (CFE), que aglomera a los ministros de Educaci\u00f3n provinciales.<\/p>\n<p>La convocatoria surge luego de que los sindicatos docentes de la Confederaci\u00f3n General del Trabajo informaran acerca de una huelga de 24 horas para el 24 de febrero y otra para el 5 de marzo, fechas previstas para el inicio de clases en los niveles inicial, primario y secundario.<\/p>\n<p>El anuncio, realizado este jueves, estuvo a cargo de Sergio Romero (UDA), Sara Garc\u00eda (AMET) y Fabi\u00e1n Felman (CEA), con la presencia de otros dirigentes sindicales como Octavio Arguello y Julio Piumato.<\/p>\n<p>El reclamo central es la reapertura de las negociaciones salariales para actualizar el salario m\u00ednimo docente, actualmente fijado en $420.000 desde julio de 2024.<\/p>\n<p>Este monto se encuentra por debajo de la l\u00ednea de indigencia, ya que seg\u00fan el Indec, la canasta b\u00e1sica alimentaria en enero de 2025 tuvo un costo de $453.384,05 para una familia tipo.<\/p>\n","protected":false},"excerpt":{"rendered":"<p>Tras el anuncio de un paro nacional para el 24 de febrero y el 5 de marzo por parte de<\/p>\n","protected":false},"author":1,"featured_media":22011,"comment_status":"closed","ping_status":"closed","sticky":false,"template":"","format":"standard","meta":{"footnotes":"","jetpack_publicize_message":"","jetpack_publicize_feature_enabled":true,"jetpack_social_post_already_shared":true,"jetpack_social_options":{"image_generator_settings":{"template":"highway","enabled":false},"version":2}},"categories":[4],"tags":[],"class_list":["post-22010","post","type-post","status-publish","format-standard","has-post-thumbnail","hentry","category-nacionales"],"jetpack_publicize_connections":[],"_links":{"self":[{"href":"https:\/\/diariorepublica.com.ar\/web\/index.php\/wp-json\/wp\/v2\/posts\/22010"}],"collection":[{"href":"https:\/\/diariorepublica.com.ar\/web\/index.php\/wp-json\/wp\/v2\/posts"}],"about":[{"href":"https:\/\/diariorepublica.com.ar\/web\/index.php\/wp-json\/wp\/v2\/types\/post"}],"author":[{"embeddable":true,"href":"https:\/\/diariorepublica.com.ar\/web\/index.php\/wp-json\/wp\/v2\/users\/1"}],"replies":[{"embeddable":true,"href":"https:\/\/diariorepublica.com.ar\/web\/index.php\/wp-json\/wp\/v2\/comments?post=22010"}],"version-history":[{"count":1,"href":"https:\/\/diariorepublica.com.ar\/web\/index.php\/wp-json\/wp\/v2\/posts\/22010\/revisions"}],"predecessor-version":[{"id":22012,"href":"https:\/\/diariorepublica.com.ar\/web\/index.php\/wp-json\/wp\/v2\/posts\/22010\/revisions\/22012"}],"wp:featuredmedia":[{"embeddable":true,"href":"https:\/\/diariorepublica.com.ar\/web\/index.php\/wp-json\/wp\/v2\/media\/22011"}],"wp:attachment":[{"href":"https:\/\/diariorepublica.com.ar\/web\/index.php\/wp-json\/wp\/v2\/media?parent=22010"}],"wp:term":[{"taxonomy":"category","embeddable":true,"href":"https:\/\/diariorepublica.com.ar\/web\/index.php\/wp-json\/wp\/v2\/categories?post=22010"},{"taxonomy":"post_tag","embeddable":true,"href":"https:\/\/diariorepublica.com.ar\/web\/index.php\/wp-json\/wp\/v2\/tags?post=22010"}],"curies":[{"name":"wp","href":"https:\/\/api.w.org\/{rel}","templated":true}]}}