{"id":22043,"date":"2025-02-21T10:25:17","date_gmt":"2025-02-21T13:25:17","guid":{"rendered":"https:\/\/diariorepublica.com.ar\/web\/?p=22043"},"modified":"2025-02-21T10:25:19","modified_gmt":"2025-02-21T13:25:19","slug":"el-papa-paso-otra-buena-noche-en-el-hospital-informo-el-vaticano","status":"publish","type":"post","link":"https:\/\/diariorepublica.com.ar\/web\/index.php\/internacionales\/2025\/02\/21\/el-papa-paso-otra-buena-noche-en-el-hospital-informo-el-vaticano\/","title":{"rendered":"El Papa pas\u00f3 otra \u00abbuena noche en el Hospital\u00bb, inform\u00f3 el Vaticano"},"content":{"rendered":"<p>El\u00a0<strong>papa Francisco\u00a0<\/strong><i><strong>\u00abpas\u00f3 una buena noche en el Hospital Gemelli\u00bb,<\/strong><\/i>\u00a0inform\u00f3 este viernes el Vaticano.<\/p>\n<p>\u201cLa noche ha pasado bien, esta ma\u00f1ana el papa Francisco se ha levantado y ha desayunado\u201d, inform\u00f3 este viernes la Oficina de prensa de la Santa Sede.<\/p>\n<div class=\"twitter-tweet twitter-tweet-rendered\"><iframe id=\"twitter-widget-0\" class=\"\" title=\"X Post\" src=\"https:\/\/platform.twitter.com\/embed\/Tweet.html?creatorScreenName=tiempoarg&amp;dnt=false&amp;embedId=twitter-widget-0&amp;features=eyJ0ZndfdGltZWxpbmVfbGlzdCI6eyJidWNrZXQiOltdLCJ2ZXJzaW9uIjpudWxsfSwidGZ3X2ZvbGxvd2VyX2NvdW50X3N1bnNldCI6eyJidWNrZXQiOnRydWUsInZlcnNpb24iOm51bGx9LCJ0ZndfdHdlZXRfZWRpdF9iYWNrZW5kIjp7ImJ1Y2tldCI6Im9uIiwidmVyc2lvbiI6bnVsbH0sInRmd19yZWZzcmNfc2Vzc2lvbiI6eyJidWNrZXQiOiJvbiIsInZlcnNpb24iOm51bGx9LCJ0ZndfZm9zbnJfc29mdF9pbnRlcnZlbnRpb25zX2VuYWJsZWQiOnsiYnVja2V0Ijoib24iLCJ2ZXJzaW9uIjpudWxsfSwidGZ3X21peGVkX21lZGlhXzE1ODk3Ijp7ImJ1Y2tldCI6InRyZWF0bWVudCIsInZlcnNpb24iOm51bGx9LCJ0ZndfZXhwZXJpbWVudHNfY29va2llX2V4cGlyYXRpb24iOnsiYnVja2V0IjoxMjA5NjAwLCJ2ZXJzaW9uIjpudWxsfSwidGZ3X3Nob3dfYmlyZHdhdGNoX3Bpdm90c19lbmFibGVkIjp7ImJ1Y2tldCI6Im9uIiwidmVyc2lvbiI6bnVsbH0sInRmd19kdXBsaWNhdGVfc2NyaWJlc190b19zZXR0aW5ncyI6eyJidWNrZXQiOiJvbiIsInZlcnNpb24iOm51bGx9LCJ0ZndfdXNlX3Byb2ZpbGVfaW1hZ2Vfc2hhcGVfZW5hYmxlZCI6eyJidWNrZXQiOiJvbiIsInZlcnNpb24iOm51bGx9LCJ0ZndfdmlkZW9faGxzX2R5bmFtaWNfbWFuaWZlc3RzXzE1MDgyIjp7ImJ1Y2tldCI6InRydWVfYml0cmF0ZSIsInZlcnNpb24iOm51bGx9LCJ0ZndfbGVnYWN5X3RpbWVsaW5lX3N1bnNldCI6eyJidWNrZXQiOnRydWUsInZlcnNpb24iOm51bGx9LCJ0ZndfdHdlZXRfZWRpdF9mcm9udGVuZCI6eyJidWNrZXQiOiJvbiIsInZlcnNpb24iOm51bGx9fQ%3D%3D&amp;frame=false&amp;hideCard=false&amp;hideThread=false&amp;id=1892835053056475377&amp;lang=es&amp;origin=https%3A%2F%2Fwww.tiempoar.com.ar%2Fta_article%2Fel-papa-paso-otra-buena-noche-en-el-hospital-informo-el-vaticano%2F&amp;sessionId=4a0a05f30d912f87d118522068826bf11cbcb9c0&amp;siteScreenName=tiempoarg&amp;theme=light&amp;widgetsVersion=2615f7e52b7e0%3A1702314776716&amp;width=550px\" frameborder=\"0\" scrolling=\"no\" allowfullscreen=\"allowfullscreen\" data-tweet-id=\"1892835053056475377\" data-mce-fragment=\"1\"><\/iframe><\/div>\n<p>El Pont\u00edfice contin\u00faa internado en el hospital Gemelli de Roma y en las \u00faltimas horas sus condiciones cl\u00ednicas han experimentado una \u00abligera mejor\u00eda\u00bb y mantiene \u00abpar\u00e1metros hemodin\u00e1micos estables, sigue respirando de forma aut\u00f3noma y su coraz\u00f3n sigue manteni\u00e9ndose bien\u201d, seg\u00fan el comunicado de anoche.<\/p>\n<p>La salud de Francisco, de 88 a\u00f1os, preocup\u00f3 al mundo a inicios de esta semana, cuando se inform\u00f3 que hab\u00eda sido diagnosticado con neumon\u00eda en ambos pulmones, cuadro cl\u00ednico que se sumaba a una infecci\u00f3n polimicrobiana surgida sobre un fondo de bronquiectasias y bronquitis asm\u00e1tica.<\/p>\n<p>El l\u00edder de la Iglesia Cat\u00f3lica se mantiene hospitalizado desde el pasado 14 de febrero, por lo que ha tenido que cancelar diversos actos p\u00fablicos.<\/p>\n<p>La Oficina de Prensa comunic\u00f3 que el Sumo Pont\u00edfice se levant\u00f3 a desayunar, todo en el marco de la\u00a0<i><strong>\u00abmejor\u00eda\u00bb\u00a0<\/strong><\/i>que vino experimentando en las \u00faltimas horas.<\/p>\n","protected":false},"excerpt":{"rendered":"<p>El\u00a0papa Francisco\u00a0\u00abpas\u00f3 una buena noche en el Hospital Gemelli\u00bb,\u00a0inform\u00f3 este viernes el Vaticano. \u201cLa noche ha pasado bien, esta ma\u00f1ana<\/p>\n","protected":false},"author":1,"featured_media":22044,"comment_status":"closed","ping_status":"closed","sticky":false,"template":"","format":"standard","meta":{"footnotes":"","jetpack_publicize_message":"","jetpack_publicize_feature_enabled":true,"jetpack_social_post_already_shared":true,"jetpack_social_options":{"image_generator_settings":{"template":"highway","enabled":false},"version":2}},"categories":[6],"tags":[],"class_list":["post-22043","post","type-post","status-publish","format-standard","has-post-thumbnail","hentry","category-internacionales"],"jetpack_publicize_connections":[],"_links":{"self":[{"href":"https:\/\/diariorepublica.com.ar\/web\/index.php\/wp-json\/wp\/v2\/posts\/22043"}],"collection":[{"href":"https:\/\/diariorepublica.com.ar\/web\/index.php\/wp-json\/wp\/v2\/posts"}],"about":[{"href":"https:\/\/diariorepublica.com.ar\/web\/index.php\/wp-json\/wp\/v2\/types\/post"}],"author":[{"embeddable":true,"href":"https:\/\/diariorepublica.com.ar\/web\/index.php\/wp-json\/wp\/v2\/users\/1"}],"replies":[{"embeddable":true,"href":"https:\/\/diariorepublica.com.ar\/web\/index.php\/wp-json\/wp\/v2\/comments?post=22043"}],"version-history":[{"count":1,"href":"https:\/\/diariorepublica.com.ar\/web\/index.php\/wp-json\/wp\/v2\/posts\/22043\/revisions"}],"predecessor-version":[{"id":22045,"href":"https:\/\/diariorepublica.com.ar\/web\/index.php\/wp-json\/wp\/v2\/posts\/22043\/revisions\/22045"}],"wp:featuredmedia":[{"embeddable":true,"href":"https:\/\/diariorepublica.com.ar\/web\/index.php\/wp-json\/wp\/v2\/media\/22044"}],"wp:attachment":[{"href":"https:\/\/diariorepublica.com.ar\/web\/index.php\/wp-json\/wp\/v2\/media?parent=22043"}],"wp:term":[{"taxonomy":"category","embeddable":true,"href":"https:\/\/diariorepublica.com.ar\/web\/index.php\/wp-json\/wp\/v2\/categories?post=22043"},{"taxonomy":"post_tag","embeddable":true,"href":"https:\/\/diariorepublica.com.ar\/web\/index.php\/wp-json\/wp\/v2\/tags?post=22043"}],"curies":[{"name":"wp","href":"https:\/\/api.w.org\/{rel}","templated":true}]}}