{"id":22107,"date":"2025-02-25T12:33:44","date_gmt":"2025-02-25T15:33:44","guid":{"rendered":"https:\/\/diariorepublica.com.ar\/web\/?p=22107"},"modified":"2025-02-25T12:33:46","modified_gmt":"2025-02-25T15:33:46","slug":"centros-de-apoyo-escolar-y-participacion-abren-sus-puertas","status":"publish","type":"post","link":"https:\/\/diariorepublica.com.ar\/web\/index.php\/sociedad\/2025\/02\/25\/centros-de-apoyo-escolar-y-participacion-abren-sus-puertas\/","title":{"rendered":"Centros de Apoyo Escolar y Participaci\u00f3n abren sus puertas"},"content":{"rendered":"<p dir=\"ltr\">La Direcci\u00f3n de Pol\u00edticas Sociales y Educativas de la Secretar\u00eda de Educaci\u00f3n y Cultura abri\u00f3 los Centros de Apoyo Escolar y Participaci\u00f3n, estos espacios socio pedag\u00f3gicos est\u00e1n dise\u00f1ados para fomentar la inclusi\u00f3n y la cooperaci\u00f3n en la comunidad. Los centros est\u00e1n ubicados estrat\u00e9gicamente en 40 puntos de la Ciudad Capital, ofreciendo actividades para personas desde los 6 a\u00f1os sin l\u00edmite de edad.<\/p>\n<p dir=\"ltr\">Los centros est\u00e1n disponibles en ambos turnos, brindando apoyo educativo y actividades recreativas. Se invita a todos los vecinos capitalinos a acercarse a su centro m\u00e1s cercano.<\/p>\n<p dir=\"ltr\">Ubicaci\u00f3n por zona<\/p>\n<p dir=\"ltr\">CENTROS ZONA NORTE<\/p>\n<div dir=\"ltr\" align=\"left\">\n<table>\n<colgroup>\n<col width=\"186\" \/>\n<col width=\"163\" \/>\n<col width=\"218\" \/><\/colgroup>\n<tbody>\n<tr>\n<td>\n<p dir=\"ltr\">ZONA: NORTE<\/p>\n<\/td>\n<td>\n<p dir=\"ltr\">NOMBRE DEL ESPACIO<\/p>\n<\/td>\n<td>\n<p dir=\"ltr\">HORARIOS<\/p>\n<\/td>\n<\/tr>\n<tr>\n<td>\n<p dir=\"ltr\">Federico Pa\u00eds N\u00b0448<\/p>\n<\/td>\n<td>\n<p dir=\"ltr\">Se.pa. Ve Manuel de Salazar<\/p>\n<\/td>\n<td>\n<p dir=\"ltr\">14:00 a 20:00 hs.<\/p>\n<\/td>\n<\/tr>\n<tr>\n<td>\n<p dir=\"ltr\">Maip\u00fa y Av. M\u00e9xico<\/p>\n<\/td>\n<td>\n<p dir=\"ltr\">Se.pa. Ve Parque Norte<\/p>\n<\/td>\n<td>\n<p dir=\"ltr\">8:00 a 13:00 hs.<\/p>\n<\/td>\n<\/tr>\n<tr>\n<td>\n<p dir=\"ltr\">Av. Brasil, entre Costa Rica y Panam\u00e1<\/p>\n<\/td>\n<td>\n<p dir=\"ltr\">S.U.M Las Am\u00e9ricas<\/p>\n<\/td>\n<td>\n<p dir=\"ltr\">8:00 a 13:00 hs. 16:00 a 18:00 hs.<\/p>\n<\/td>\n<\/tr>\n<tr>\n<td>\n<p dir=\"ltr\">Los Jacaranda, entre la Gruta y Los Peregrinos<\/p>\n<\/td>\n<td>\n<p dir=\"ltr\">N.I.D. O<\/p>\n<\/td>\n<td>\n<p dir=\"ltr\">7:00 a 13:00 hs. y de 14:00 a 20:00 hs.<\/p>\n<\/td>\n<\/tr>\n<tr>\n<td>\n<p dir=\"ltr\">Av. Terebintos y Espa\u00f1a<\/p>\n<\/td>\n<td>\n<p dir=\"ltr\">Centro Vecinal Dejando huellas<\/p>\n<\/td>\n<td>\n<p dir=\"ltr\">8:00 a 13:00 hs. y de 18:00 a 20:00 hs.<\/p>\n<\/td>\n<\/tr>\n<tr>\n<td>\n<p dir=\"ltr\">Batungasta<\/p>\n<\/td>\n<td>\n<p dir=\"ltr\">Centro Vecinal Eva Per\u00f3n<\/p>\n<\/td>\n<td>\n<p dir=\"ltr\">8:00 a 13:00 hs. y de 15:00 a 20:00 hs.<\/p>\n<\/td>\n<\/tr>\n<tr>\n<td>\n<p dir=\"ltr\">Intendente Cano<\/p>\n<\/td>\n<td>\n<p dir=\"ltr\">Centros Vecinales todos juntos todos<\/p>\n<\/td>\n<td>\n<p dir=\"ltr\">8:00 a 13:00 hs. y de 14:30 a 19:30 hs. (martes y viernes)<\/p>\n<\/td>\n<\/tr>\n<tr>\n<td>\n<p dir=\"ltr\">Av. M\u00e9xico y Motegasta<\/p>\n<\/td>\n<td>\n<p dir=\"ltr\">Casita del ni\u00f1o Altos de Choya<\/p>\n<\/td>\n<td>\n<p dir=\"ltr\">8:00 a 13:00 hs. y de 14:00 a 19:00 hs.<\/p>\n<\/td>\n<\/tr>\n<tr>\n<td>\n<p dir=\"ltr\">Av. Altos de Choya y Alpatauca<\/p>\n<\/td>\n<td>\n<p dir=\"ltr\">Escuela Municipal n\u00ba 2<\/p>\n<\/td>\n<td>\n<p dir=\"ltr\">8:00 a 13:00 hs. y de 14:30 a 19:30 hs.<\/p>\n<\/td>\n<\/tr>\n<tr>\n<td>\n<p dir=\"ltr\">Pasaje Sumampa N\u00b0 874<\/p>\n<\/td>\n<td>\n<p dir=\"ltr\">Escuela Municipal n\u00ba 3<\/p>\n<\/td>\n<td>\n<p dir=\"ltr\">8:00 a 13:00 hs. y de 15:00 a 16:00 hs.<\/p>\n<\/td>\n<\/tr>\n<tr>\n<td>\n<p dir=\"ltr\">Av. Se\u00f1or de los Milagros N\u00b0 100<\/p>\n<\/td>\n<td>\n<p dir=\"ltr\">Hogar San Cayetano. Caritas<\/p>\n<\/td>\n<td>\n<p dir=\"ltr\">8:00 a 13:00 hs.<\/p>\n<\/td>\n<\/tr>\n<tr>\n<td>\n<p dir=\"ltr\">Av. San Juan Bautista y Francia<\/p>\n<\/td>\n<td>\n<p dir=\"ltr\">Espacio P\u00fablico Comunitario<\/p>\n<\/td>\n<td>\n<p dir=\"ltr\">8:00 a 13:00 hs. y de 18:30 a 21:00 hs.<\/p>\n<\/td>\n<\/tr>\n<tr>\n<td>\n<p dir=\"ltr\">Pedro Agote N\u00b0 1809<\/p>\n<\/td>\n<td>\n<p dir=\"ltr\">Somos Vecinos<\/p>\n<\/td>\n<td>\n<p dir=\"ltr\">8:00 a 13:00 hs.<\/p>\n<\/td>\n<\/tr>\n<\/tbody>\n<\/table>\n<\/div>\n<p dir=\"ltr\">CENTROS ZONA SUR<\/p>\n<div dir=\"ltr\" align=\"left\">\n<table>\n<colgroup>\n<col width=\"259\" \/>\n<col width=\"117\" \/>\n<col width=\"190\" \/><\/colgroup>\n<tbody>\n<tr>\n<td>\n<p dir=\"ltr\">ZONA: SUR<\/p>\n<\/td>\n<td>\n<p dir=\"ltr\">NOMBRE DEL ESPACIO<\/p>\n<\/td>\n<td>\n<p dir=\"ltr\">HORARIO<\/p>\n<\/td>\n<\/tr>\n<tr>\n<td>\n<p dir=\"ltr\">B\u00ba San Jorge Gregorio Gonzales y Acu\u00f1a Isi<\/p>\n<\/td>\n<td>\n<p dir=\"ltr\"><a href=\"http:\/\/se.pa.ve\/\" target=\"_blank\" rel=\"noopener\" data-saferedirecturl=\"https:\/\/www.google.com\/url?q=http:\/\/Se.Pa.Ve&amp;source=gmail&amp;ust=1740583459630000&amp;usg=AOvVaw1Kqefvvp8tWTmlXJlA1Ha-\">Se.Pa.Ve<\/a>. San Jorge<\/p>\n<\/td>\n<td>\n<p dir=\"ltr\">8:00 a 13:00 hs. y de 14:30 a 19:30 hs.<\/p>\n<\/td>\n<\/tr>\n<tr>\n<td>\n<p dir=\"ltr\">B\u00ba Valle Chico<\/p>\n<\/td>\n<td>\n<p dir=\"ltr\"><a href=\"http:\/\/se.pa.ve\/\" target=\"_blank\" rel=\"noopener\" data-saferedirecturl=\"https:\/\/www.google.com\/url?q=http:\/\/Se.Pa.Ve&amp;source=gmail&amp;ust=1740583459630000&amp;usg=AOvVaw1Kqefvvp8tWTmlXJlA1Ha-\">Se.Pa.Ve<\/a>: Valle Chico<\/p>\n<\/td>\n<td>\n<p dir=\"ltr\">14:00 a 20:00 hs.<\/p>\n<\/td>\n<\/tr>\n<tr>\n<td>\n<p dir=\"ltr\">B\u00ba Valle Chico calle N\u00b018 entre 31 y 33<\/p>\n<\/td>\n<td>\n<p dir=\"ltr\">Parroquia Valle Chico<\/p>\n<\/td>\n<td>\n<p dir=\"ltr\">14:00 a 20:00 hs.<\/p>\n<\/td>\n<\/tr>\n<tr>\n<td>\n<p dir=\"ltr\">Peatonal 16 casa N\u00ba 100<\/p>\n<\/td>\n<td>\n<p dir=\"ltr\">Rotary 1000 vv.<\/p>\n<\/td>\n<td>\n<p dir=\"ltr\">7:00 a 13:00 hs.<\/p>\n<\/td>\n<\/tr>\n<tr>\n<td>\n<p dir=\"ltr\">Gdor. Valent\u00edn Aramburu y Abelardo Arias<\/p>\n<\/td>\n<td>\n<p dir=\"ltr\">S.U.M San Antonio Sur<\/p>\n<\/td>\n<td>\n<p dir=\"ltr\">8:00 a 13:00 hs. y de 14:30 a 19:30 hs.<\/p>\n<\/td>\n<\/tr>\n<tr>\n<td>\n<p dir=\"ltr\">Domingo Iturralde entre Ernesto S\u00e1bato Y Ricardo Rojas<\/p>\n<\/td>\n<td>\n<p dir=\"ltr\">S.U.M Santa Marta<\/p>\n<\/td>\n<td>\n<p dir=\"ltr\">8:00 a 13:00 hs. y de 14:30 a 19:30hs.<\/p>\n<\/td>\n<\/tr>\n<tr>\n<td>\n<p dir=\"ltr\">Av. Bicentenario, entre Av. Manuel Navarro y Av. Los Minerales<\/p>\n<\/td>\n<td>\n<p dir=\"ltr\">S.U.M Romi Raiden<\/p>\n<\/td>\n<td>\n<p dir=\"ltr\">18:00 a 20:00 hs.<\/p>\n<\/td>\n<\/tr>\n<tr>\n<td>\n<p dir=\"ltr\">B\u00ba Parque Sur y Av. Misiones<\/p>\n<\/td>\n<td>\n<p dir=\"ltr\">Loteo Parque sur<\/p>\n<\/td>\n<td>\n<p dir=\"ltr\">16:00 a 18:00 hs.<\/p>\n<\/td>\n<\/tr>\n<tr>\n<td>\n<p dir=\"ltr\">B\u00ba Villa Eumelia<\/p>\n<\/td>\n<td>\n<p dir=\"ltr\">Oratorio Divino<\/p>\n<p dir=\"ltr\">\u00a0Ni\u00f1o Jesus<\/p>\n<\/td>\n<td>\n<p dir=\"ltr\">14:00 a 20:00 hs. (solo martes y jueves)<\/p>\n<\/td>\n<\/tr>\n<tr>\n<td>\n<p dir=\"ltr\">B\u00ba Ribera del Valle<\/p>\n<\/td>\n<td>\n<p dir=\"ltr\">CIF II<\/p>\n<\/td>\n<td>\n<p dir=\"ltr\">8:00 a 13:00 hs. y de 14:00 a 20:00 hs.<\/p>\n<\/td>\n<\/tr>\n<tr>\n<td>\n<p dir=\"ltr\">Dr. Alfredo Palacios N\u00b0198 B\u00b0 La Tablada<\/p>\n<\/td>\n<td>\n<p dir=\"ltr\"><a href=\"http:\/\/se.pa.ve\/\" target=\"_blank\" rel=\"noopener\" data-saferedirecturl=\"https:\/\/www.google.com\/url?q=http:\/\/Se.Pa.ve&amp;source=gmail&amp;ust=1740583459630000&amp;usg=AOvVaw0QvcYt3Jmi5t3ieI33sL_4\">Se.Pa.ve<\/a>\u00a0La Tablada<\/p>\n<\/td>\n<td>\n<p dir=\"ltr\">14:00 a 19:00 hs. (Lunes, mi\u00e9rcoles y viernes)<\/p>\n<\/td>\n<\/tr>\n<tr>\n<td>\n<p dir=\"ltr\">Juan D. Per\u00f3n, Borges y Luis Franco<\/p>\n<\/td>\n<td>\n<p dir=\"ltr\"><a href=\"http:\/\/se.pa.ve\/\" target=\"_blank\" rel=\"noopener\" data-saferedirecturl=\"https:\/\/www.google.com\/url?q=http:\/\/Se.Pa.ve&amp;source=gmail&amp;ust=1740583459630000&amp;usg=AOvVaw0QvcYt3Jmi5t3ieI33sL_4\">Se.Pa.ve<\/a>\u00a0Juan D. Per\u00f3n<\/p>\n<\/td>\n<td>\n<p dir=\"ltr\">8:00 a 13:00 hs. y de 14:30 a 19:30hs.<\/p>\n<\/td>\n<\/tr>\n<\/tbody>\n<\/table>\n<\/div>\n<p dir=\"ltr\">CENTROS ZONA OESTE<\/p>\n<div dir=\"ltr\" align=\"left\">\n<table>\n<colgroup>\n<col width=\"233\" \/>\n<col width=\"182\" \/>\n<col width=\"152\" \/><\/colgroup>\n<tbody>\n<tr>\n<td>\n<p dir=\"ltr\">ZONA: OESTE<\/p>\n<\/td>\n<td>\n<p dir=\"ltr\">NOMBRE DEL ESPACIO<\/p>\n<\/td>\n<td>\n<p dir=\"ltr\">HORARIO<\/p>\n<\/td>\n<\/tr>\n<tr>\n<td>\n<p dir=\"ltr\">Congresal Centeno y Av. Ahumada y Barros.<\/p>\n<\/td>\n<td>\n<p dir=\"ltr\">Centro Vecinal Comunidad y Progreso<\/p>\n<\/td>\n<td>\n<p dir=\"ltr\">8:00 a 13:00 hs. y de 14:30 a 19:30 hs.<\/p>\n<\/td>\n<\/tr>\n<tr>\n<td>\n<p dir=\"ltr\">Gral. Roca N\u00b0 294<\/p>\n<\/td>\n<td>\n<p dir=\"ltr\">Biblioteca de Villa Cuba<\/p>\n<\/td>\n<td>\n<p dir=\"ltr\">8:00 a 13:00 hs.<\/p>\n<\/td>\n<\/tr>\n<tr>\n<td>\n<p dir=\"ltr\">Av. Ahumada y Barros N\u00b0 850<\/p>\n<\/td>\n<td>\n<p dir=\"ltr\">Sociedad de Fomento Villa Cuba<\/p>\n<\/td>\n<td>\n<p dir=\"ltr\">8:00 a 13:00 hs. y de 14:00 a 20:00 hs.<\/p>\n<\/td>\n<\/tr>\n<tr>\n<td>\n<p dir=\"ltr\">B\u00ba Apolo Federico Argerich y Nieva y Castilla<\/p>\n<\/td>\n<td>\n<p dir=\"ltr\">Se. Pa. Ve Apolo<\/p>\n<\/td>\n<td>\n<p dir=\"ltr\">7:00 a 13:00 hs.<\/p>\n<\/td>\n<\/tr>\n<tr>\n<td>\n<p dir=\"ltr\">Intendente Aparicio Vildoza entre Mauvecin y Federico Argerich<\/p>\n<\/td>\n<td>\n<p dir=\"ltr\">Centro Vecinal Jes\u00fas de la divina Misericordia<\/p>\n<\/td>\n<td>\n<p dir=\"ltr\">8:00 a 13:00 hs. y 14:30 a 19:30 hs.<\/p>\n<\/td>\n<\/tr>\n<tr>\n<td>\n<p dir=\"ltr\">Av. Gobernador Gal\u00edndez y Tadeo Acu\u00f1a<\/p>\n<\/td>\n<td>\n<p dir=\"ltr\">Apyfadim<\/p>\n<\/td>\n<td>\n<p dir=\"ltr\">8:00 a 13:00 hs.<\/p>\n<\/td>\n<\/tr>\n<tr>\n<td>\n<p dir=\"ltr\">Salgado N\u00b049<\/p>\n<\/td>\n<td>\n<p dir=\"ltr\">Centro vecinal Domingo Faustino Sarmiento<\/p>\n<\/td>\n<td>\n<p dir=\"ltr\">8:00 a 13:00 hs. y 14:30 a 20:30 hs.<\/p>\n<\/td>\n<\/tr>\n<tr>\n<td>\n<p dir=\"ltr\">Av. Juan Pablo Vera N\u00b0213<\/p>\n<\/td>\n<td>\n<p dir=\"ltr\">Centro Vecinal San Martin de Porres<\/p>\n<\/td>\n<td>\n<p dir=\"ltr\">8:00 a 13:00 hs. y 14:30 a 19:30 hs.<\/p>\n<\/td>\n<\/tr>\n<\/tbody>\n<\/table>\n<\/div>\n<p dir=\"ltr\">CENTROS ZONA ESTE<\/p>\n<div dir=\"ltr\" align=\"left\">\n<table>\n<colgroup>\n<col width=\"210\" \/>\n<col width=\"156\" \/>\n<col width=\"200\" \/><\/colgroup>\n<tbody>\n<tr>\n<td>\n<p dir=\"ltr\">ZONA Este<\/p>\n<\/td>\n<td>\n<p dir=\"ltr\">NOMBRE DEL ESPACIO<\/p>\n<\/td>\n<td>\n<p dir=\"ltr\">HORARIO<\/p>\n<\/td>\n<\/tr>\n<tr>\n<td>\n<p dir=\"ltr\">Los Fundadores\u00a0 N\u00b0172<\/p>\n<\/td>\n<td>\n<p dir=\"ltr\">Parroquia Cruz Negra<\/p>\n<\/td>\n<td>\n<p dir=\"ltr\">8:00 a 13:00 hs.<\/p>\n<\/td>\n<\/tr>\n<tr>\n<td>\n<p dir=\"ltr\">Sgto. Garc\u00eda<\/p>\n<p dir=\"ltr\">\u00a0N\u00b02125<\/p>\n<\/td>\n<td>\n<p dir=\"ltr\">Centro Vecinal Las Malvinas<\/p>\n<\/td>\n<td>\n<p dir=\"ltr\">7:00 a 13:00 hs.<\/p>\n<\/td>\n<\/tr>\n<tr>\n<td>\n<p dir=\"ltr\">Rep\u00fablica Dominicana. La Chacharita<\/p>\n<\/td>\n<td>\n<p dir=\"ltr\">S.U.M Los Abuelos<\/p>\n<\/td>\n<td>\n<p dir=\"ltr\">8:00 a 13:00 hs.<\/p>\n<\/td>\n<\/tr>\n<tr>\n<td>\n<p dir=\"ltr\">Av. Presidente Castillo<\/p>\n<\/td>\n<td>\n<p dir=\"ltr\">Escuela Municipal N\u00ba 1<\/p>\n<\/td>\n<td>\n<p dir=\"ltr\">8:00a 13:00 hs. y de 14:30 a 19:30 hs.<\/p>\n<\/td>\n<\/tr>\n<\/tbody>\n<\/table>\n<\/div>\n<p dir=\"ltr\">CENTROS ZONA CENTRO<\/p>\n<div dir=\"ltr\" align=\"left\">\n<table>\n<colgroup>\n<col width=\"163\" \/>\n<col width=\"129\" \/>\n<col width=\"274\" \/><\/colgroup>\n<tbody>\n<tr>\n<td>\n<p dir=\"ltr\">ZONA CENTRO<\/p>\n<\/td>\n<td>\n<p dir=\"ltr\">NOMBRE DEL ESPACIO<\/p>\n<\/td>\n<td>\n<p dir=\"ltr\">HORARIO<\/p>\n<\/td>\n<\/tr>\n<tr>\n<td>\n<p dir=\"ltr\">Maip\u00fa 910<\/p>\n<\/td>\n<td>\n<p dir=\"ltr\">Somos Vecinos<\/p>\n<\/td>\n<td>\n<p dir=\"ltr\">8:00 a 13:00 hs. y 15:00 a 1800 hs.<\/p>\n<\/td>\n<\/tr>\n<tr>\n<td>\n<p dir=\"ltr\">Jun\u00edn Esq. Zurita<\/p>\n<\/td>\n<td>\n<p dir=\"ltr\">Agrupaci\u00f3n la Calle<\/p>\n<\/td>\n<td>\n<p dir=\"ltr\">18:00 a 21:00 hs. martes y jueves<\/p>\n<\/td>\n<\/tr>\n<tr>\n<td>\n<p dir=\"ltr\">Maximio Victoria (Maip\u00fa Norte)<\/p>\n<\/td>\n<td>\n<p dir=\"ltr\">Punto Joven<\/p>\n<\/td>\n<td>\n<p dir=\"ltr\">8:00 a 13:00 hs. y de 17:00 a 20:30 hs. mi\u00e9rcoles y viernes<\/p>\n<\/td>\n<\/tr>\n<\/tbody>\n<\/table>\n<\/div>\n<div><\/div>\n","protected":false},"excerpt":{"rendered":"<p>La Direcci\u00f3n de Pol\u00edticas Sociales y Educativas de la Secretar\u00eda de Educaci\u00f3n y Cultura abri\u00f3 los Centros de Apoyo Escolar<\/p>\n","protected":false},"author":1,"featured_media":22108,"comment_status":"closed","ping_status":"closed","sticky":false,"template":"","format":"standard","meta":{"footnotes":"","jetpack_publicize_message":"","jetpack_publicize_feature_enabled":true,"jetpack_social_post_already_shared":true,"jetpack_social_options":{"image_generator_settings":{"template":"highway","enabled":false},"version":2}},"categories":[3],"tags":[],"class_list":["post-22107","post","type-post","status-publish","format-standard","has-post-thumbnail","hentry","category-sociedad"],"jetpack_publicize_connections":[],"_links":{"self":[{"href":"https:\/\/diariorepublica.com.ar\/web\/index.php\/wp-json\/wp\/v2\/posts\/22107"}],"collection":[{"href":"https:\/\/diariorepublica.com.ar\/web\/index.php\/wp-json\/wp\/v2\/posts"}],"about":[{"href":"https:\/\/diariorepublica.com.ar\/web\/index.php\/wp-json\/wp\/v2\/types\/post"}],"author":[{"embeddable":true,"href":"https:\/\/diariorepublica.com.ar\/web\/index.php\/wp-json\/wp\/v2\/users\/1"}],"replies":[{"embeddable":true,"href":"https:\/\/diariorepublica.com.ar\/web\/index.php\/wp-json\/wp\/v2\/comments?post=22107"}],"version-history":[{"count":1,"href":"https:\/\/diariorepublica.com.ar\/web\/index.php\/wp-json\/wp\/v2\/posts\/22107\/revisions"}],"predecessor-version":[{"id":22109,"href":"https:\/\/diariorepublica.com.ar\/web\/index.php\/wp-json\/wp\/v2\/posts\/22107\/revisions\/22109"}],"wp:featuredmedia":[{"embeddable":true,"href":"https:\/\/diariorepublica.com.ar\/web\/index.php\/wp-json\/wp\/v2\/media\/22108"}],"wp:attachment":[{"href":"https:\/\/diariorepublica.com.ar\/web\/index.php\/wp-json\/wp\/v2\/media?parent=22107"}],"wp:term":[{"taxonomy":"category","embeddable":true,"href":"https:\/\/diariorepublica.com.ar\/web\/index.php\/wp-json\/wp\/v2\/categories?post=22107"},{"taxonomy":"post_tag","embeddable":true,"href":"https:\/\/diariorepublica.com.ar\/web\/index.php\/wp-json\/wp\/v2\/tags?post=22107"}],"curies":[{"name":"wp","href":"https:\/\/api.w.org\/{rel}","templated":true}]}}