{"id":22117,"date":"2025-02-25T12:53:43","date_gmt":"2025-02-25T15:53:43","guid":{"rendered":"https:\/\/diariorepublica.com.ar\/web\/?p=22117"},"modified":"2025-02-25T12:53:45","modified_gmt":"2025-02-25T15:53:45","slug":"interpol-declaro-alerta-amarilla-por-la-desaparicion-de-lian","status":"publish","type":"post","link":"https:\/\/diariorepublica.com.ar\/web\/index.php\/nacionales\/2025\/02\/25\/interpol-declaro-alerta-amarilla-por-la-desaparicion-de-lian\/","title":{"rendered":"Interpol declar\u00f3 alerta amarilla por la desaparici\u00f3n de Lian"},"content":{"rendered":"<p>La organizaci\u00f3n difundi\u00f3 en su p\u00e1gina oficial una foto con el rostro del ni\u00f1o, datos filiatorios, descripci\u00f3n f\u00edsica y los nombres de los padres con el objetivo de obtener datos sobre su paradero.<\/p>\n<p>La Polic\u00eda de la provincia de C\u00f3rdoba inform\u00f3 que, bajo las inclemencias del tiempo que afectan la regi\u00f3n,\u00a0<i><strong>\u201cse contin\u00faa con la intensa b\u00fasqueda de Lian\u201d.\u00a0<\/strong><\/i><\/p>\n<p><i><strong>\u201cEs en un trabajo coordinado que cuenta con el despliegue de m\u00e1s de 340 efectivos y recursos tecnol\u00f3gicos\u201d<\/strong><\/i>, se\u00f1ala el escrito en redes sociales.<\/p>\n<p>El padre de Lian Gael Flores Soraide, el nene de tres a\u00f1os que desapareci\u00f3 en la localidad cordobesa de Ballesteros Sud, se\u00f1al\u00f3:\u00a0<strong>\u00abPienso que alguien lo tiene, me duele mucho\u00bb.\u00a0<\/strong><\/p>\n<p><strong>El\u00edas Flores<\/strong>\u00a0consider\u00f3 en di\u00e1logo con los medios locales que\u00a0<strong>\u00abnunca le hab\u00eda pasado esto\u00bb<\/strong>:\u00a0<strong>\u00abCuatro a\u00f1os que vivo ah\u00ed, todos los d\u00edas hago el mismo trabajo, el mismo horario, esta vez no s\u00e9 qu\u00e9 pas\u00f3 que de una desapareci\u00f3\u00bb.<\/strong><\/p>\n","protected":false},"excerpt":{"rendered":"<p>La organizaci\u00f3n difundi\u00f3 en su p\u00e1gina oficial una foto con el rostro del ni\u00f1o, datos filiatorios, descripci\u00f3n f\u00edsica y los<\/p>\n","protected":false},"author":1,"featured_media":22118,"comment_status":"closed","ping_status":"closed","sticky":false,"template":"","format":"standard","meta":{"footnotes":"","jetpack_publicize_message":"","jetpack_publicize_feature_enabled":true,"jetpack_social_post_already_shared":true,"jetpack_social_options":{"image_generator_settings":{"template":"highway","enabled":false},"version":2}},"categories":[4],"tags":[],"class_list":["post-22117","post","type-post","status-publish","format-standard","has-post-thumbnail","hentry","category-nacionales"],"jetpack_publicize_connections":[],"_links":{"self":[{"href":"https:\/\/diariorepublica.com.ar\/web\/index.php\/wp-json\/wp\/v2\/posts\/22117"}],"collection":[{"href":"https:\/\/diariorepublica.com.ar\/web\/index.php\/wp-json\/wp\/v2\/posts"}],"about":[{"href":"https:\/\/diariorepublica.com.ar\/web\/index.php\/wp-json\/wp\/v2\/types\/post"}],"author":[{"embeddable":true,"href":"https:\/\/diariorepublica.com.ar\/web\/index.php\/wp-json\/wp\/v2\/users\/1"}],"replies":[{"embeddable":true,"href":"https:\/\/diariorepublica.com.ar\/web\/index.php\/wp-json\/wp\/v2\/comments?post=22117"}],"version-history":[{"count":1,"href":"https:\/\/diariorepublica.com.ar\/web\/index.php\/wp-json\/wp\/v2\/posts\/22117\/revisions"}],"predecessor-version":[{"id":22119,"href":"https:\/\/diariorepublica.com.ar\/web\/index.php\/wp-json\/wp\/v2\/posts\/22117\/revisions\/22119"}],"wp:featuredmedia":[{"embeddable":true,"href":"https:\/\/diariorepublica.com.ar\/web\/index.php\/wp-json\/wp\/v2\/media\/22118"}],"wp:attachment":[{"href":"https:\/\/diariorepublica.com.ar\/web\/index.php\/wp-json\/wp\/v2\/media?parent=22117"}],"wp:term":[{"taxonomy":"category","embeddable":true,"href":"https:\/\/diariorepublica.com.ar\/web\/index.php\/wp-json\/wp\/v2\/categories?post=22117"},{"taxonomy":"post_tag","embeddable":true,"href":"https:\/\/diariorepublica.com.ar\/web\/index.php\/wp-json\/wp\/v2\/tags?post=22117"}],"curies":[{"name":"wp","href":"https:\/\/api.w.org\/{rel}","templated":true}]}}