{"id":22120,"date":"2025-02-25T10:54:00","date_gmt":"2025-02-25T13:54:00","guid":{"rendered":"https:\/\/diariorepublica.com.ar\/web\/?p=22120"},"modified":"2025-02-25T12:55:58","modified_gmt":"2025-02-25T15:55:58","slug":"condenaron-a-leonardo-cositorto-a-12-anos-de-prision-por-la-megaestafa-de-generacion-zoe","status":"publish","type":"post","link":"https:\/\/diariorepublica.com.ar\/web\/index.php\/nacionales\/2025\/02\/25\/condenaron-a-leonardo-cositorto-a-12-anos-de-prision-por-la-megaestafa-de-generacion-zoe\/","title":{"rendered":"Condenaron a Leonardo Cositorto a 12 a\u00f1os de prisi\u00f3n por la megaestafa de Generaci\u00f3n Zoe"},"content":{"rendered":"<p>El Tribunal de Goya conden\u00f3 a 12 a\u00f1os de prisi\u00f3n a Leonardo Cositorto, el fundador de Generaci\u00f3n Zoe, por los delitos de estafa y asociaci\u00f3n il\u00edcita en la provincia de Corrientes.<\/p>\n<p>El viernes los jueces Ricardo Carbajal, Jorge Carbone y Julio Duarte ya lo hab\u00edan declarado culpable.<\/p>\n<p>Este martes, el Tribunal, adem\u00e1s, sentenci\u00f3 a sus socios, Miguel \u00c1ngel Echegaray, Maximiliano Javier Batista y Lucas Dami\u00e1n Camelino a 8 a\u00f1os de c\u00e1rcel.<\/p>\n<p>Si bien la condena no qued\u00f3 firme, y las defensas de los imputados pueden apelar el fallo ante Casaci\u00f3n, Cositorto deber\u00e1 volver a la prisi\u00f3n de Bower, en C\u00f3rdoba, donde estaba detenido antes de que comenzara el juicio.<\/p>\n<p>Esto se debe a que el acusado tiene que afrontar otros procesos penales, entre ellos la\u00a0<b>causa madre contra Generaci\u00f3n Zoe<\/b>, que tramita en la Justicia de Villa Mar\u00eda, ante la fiscal Juliana Companys.<\/p>\n","protected":false},"excerpt":{"rendered":"<p>El Tribunal de Goya conden\u00f3 a 12 a\u00f1os de prisi\u00f3n a Leonardo Cositorto, el fundador de Generaci\u00f3n Zoe, por los<\/p>\n","protected":false},"author":1,"featured_media":22121,"comment_status":"closed","ping_status":"closed","sticky":false,"template":"","format":"standard","meta":{"footnotes":"","jetpack_publicize_message":"","jetpack_publicize_feature_enabled":true,"jetpack_social_post_already_shared":true,"jetpack_social_options":{"image_generator_settings":{"template":"highway","enabled":false},"version":2}},"categories":[4],"tags":[],"class_list":["post-22120","post","type-post","status-publish","format-standard","has-post-thumbnail","hentry","category-nacionales"],"jetpack_publicize_connections":[],"_links":{"self":[{"href":"https:\/\/diariorepublica.com.ar\/web\/index.php\/wp-json\/wp\/v2\/posts\/22120"}],"collection":[{"href":"https:\/\/diariorepublica.com.ar\/web\/index.php\/wp-json\/wp\/v2\/posts"}],"about":[{"href":"https:\/\/diariorepublica.com.ar\/web\/index.php\/wp-json\/wp\/v2\/types\/post"}],"author":[{"embeddable":true,"href":"https:\/\/diariorepublica.com.ar\/web\/index.php\/wp-json\/wp\/v2\/users\/1"}],"replies":[{"embeddable":true,"href":"https:\/\/diariorepublica.com.ar\/web\/index.php\/wp-json\/wp\/v2\/comments?post=22120"}],"version-history":[{"count":1,"href":"https:\/\/diariorepublica.com.ar\/web\/index.php\/wp-json\/wp\/v2\/posts\/22120\/revisions"}],"predecessor-version":[{"id":22122,"href":"https:\/\/diariorepublica.com.ar\/web\/index.php\/wp-json\/wp\/v2\/posts\/22120\/revisions\/22122"}],"wp:featuredmedia":[{"embeddable":true,"href":"https:\/\/diariorepublica.com.ar\/web\/index.php\/wp-json\/wp\/v2\/media\/22121"}],"wp:attachment":[{"href":"https:\/\/diariorepublica.com.ar\/web\/index.php\/wp-json\/wp\/v2\/media?parent=22120"}],"wp:term":[{"taxonomy":"category","embeddable":true,"href":"https:\/\/diariorepublica.com.ar\/web\/index.php\/wp-json\/wp\/v2\/categories?post=22120"},{"taxonomy":"post_tag","embeddable":true,"href":"https:\/\/diariorepublica.com.ar\/web\/index.php\/wp-json\/wp\/v2\/tags?post=22120"}],"curies":[{"name":"wp","href":"https:\/\/api.w.org\/{rel}","templated":true}]}}